{"id":10143,"date":"2023-01-18T10:42:45","date_gmt":"2023-01-18T10:42:45","guid":{"rendered":"https:\/\/principesdeparis.es\/principes\/?p=10143"},"modified":"2023-01-18T11:51:43","modified_gmt":"2023-01-18T11:51:43","slug":"fran-gamez-baja-para-gijon","status":"publish","type":"post","link":"https:\/\/principesdeparis.es\/principes\/fran-gamez-baja-para-gijon\/","title":{"rendered":"Fran G\u00e1mez, baja para Gij\u00f3n"},"content":{"rendered":"<p>El lateral derecho del Real Zaragoza ser\u00e1 baja para el encuentro entre el equipo aragon\u00e9s y el Sporting que se disputa este pr\u00f3ximo domingo en El Molin\u00f3n. Seg\u00fan informa el club,\u00a0 al finalizar el partido de Villarreal que finaliz\u00f3 con remontada y victoria del equipo de Fran Escrib\u00e1, el futbolista manifest\u00f3 molestias musculares. Tras realizarle las pertinentes pruebas m\u00e9dicas se ha detectado que sufre una lesi\u00f3n muscular en el isquiotibial de la pierna derecha. En el entrenamiento del martes se reincorporaron a los ensayos Zapater y Bermejo, pero no as\u00ed Giuliano, a\u00fan recuper\u00e1ndose de sus problemas lumbares, y G\u00e1mez, este \u00faltimo por causa de la dolencia que se le produjo en La Cer\u00e1mica y que le impedir\u00e1, como m\u00ednimo, estar frente al Sporting, la Ponferradina y el Andorra.<\/p>\n","protected":false},"excerpt":{"rendered":"<p>El lateral derecho del Real Zaragoza ser\u00e1 baja para el encuentro entre el equipo aragon\u00e9s y el Sporting que se disputa este pr\u00f3ximo domingo en El Molin\u00f3n. Seg\u00fan informa el club,\u00a0 al finalizar el partido de Villarreal que finaliz\u00f3 con remontada y victoria del equipo de Fran Escrib\u00e1, el futbolista <a class=\"read-more\" href=\"https:\/\/principesdeparis.es\/principes\/fran-gamez-baja-para-gijon\/\">Sigue leyendo<\/a><\/p>\n","protected":false},"author":2,"featured_media":10144,"comment_status":"open","ping_status":"open","sticky":false,"template":"","format":"standard","meta":{"footnotes":""},"categories":[13,1],"tags":[],"class_list":["post-10143","post","type-post","status-publish","format-standard","has-post-thumbnail","hentry","category-publicidad","category-real-zaragoza"],"_links":{"self":[{"href":"https:\/\/principesdeparis.es\/principes\/wp-json\/wp\/v2\/posts\/10143","targetHints":{"allow":["GET"]}}],"collection":[{"href":"https:\/\/principesdeparis.es\/principes\/wp-json\/wp\/v2\/posts"}],"about":[{"href":"https:\/\/principesdeparis.es\/principes\/wp-json\/wp\/v2\/types\/post"}],"author":[{"embeddable":true,"href":"https:\/\/principesdeparis.es\/principes\/wp-json\/wp\/v2\/users\/2"}],"replies":[{"embeddable":true,"href":"https:\/\/principesdeparis.es\/principes\/wp-json\/wp\/v2\/comments?post=10143"}],"version-history":[{"count":4,"href":"https:\/\/principesdeparis.es\/principes\/wp-json\/wp\/v2\/posts\/10143\/revisions"}],"predecessor-version":[{"id":10148,"href":"https:\/\/principesdeparis.es\/principes\/wp-json\/wp\/v2\/posts\/10143\/revisions\/10148"}],"wp:featuredmedia":[{"embeddable":true,"href":"https:\/\/principesdeparis.es\/principes\/wp-json\/wp\/v2\/media\/10144"}],"wp:attachment":[{"href":"https:\/\/principesdeparis.es\/principes\/wp-json\/wp\/v2\/media?parent=10143"}],"wp:term":[{"taxonomy":"category","embeddable":true,"href":"https:\/\/principesdeparis.es\/principes\/wp-json\/wp\/v2\/categories?post=10143"},{"taxonomy":"post_tag","embeddable":true,"href":"https:\/\/principesdeparis.es\/principes\/wp-json\/wp\/v2\/tags?post=10143"}],"curies":[{"name":"wp","href":"https:\/\/api.w.org\/{rel}","templated":true}]}}