{"id":10152,"date":"2023-01-19T11:40:21","date_gmt":"2023-01-19T11:40:21","guid":{"rendered":"https:\/\/principesdeparis.es\/principes\/?p=10152"},"modified":"2023-01-19T11:51:28","modified_gmt":"2023-01-19T11:51:28","slug":"la-hora-de-la-bomba-de-relojeria","status":"publish","type":"post","link":"https:\/\/principesdeparis.es\/principes\/la-hora-de-la-bomba-de-relojeria\/","title":{"rendered":"La hora de la bomba de relojer\u00eda"},"content":{"rendered":"<p style=\"text-align: center;\"><strong>El Molin\u00f3n deber\u00eda ser la lanzadera definitiva hacia la titularidad continuada de Iv\u00e1n Az\u00f3n, un delantero explosivo que ha vivido la mayor parte del tiempo examinado por los prejuicios<\/strong><\/p>\n<p>Est\u00e1 en boca de todos y en el coraz\u00f3n de los aficionados, pero Iv\u00e1n Az\u00f3n, dos a\u00f1os y des meses despu\u00e9s de debutar con el primer equipo, no ha cerrado a\u00fan el c\u00edrculo en el que entr\u00f3 con tan s\u00f3lo 18 a\u00f1os en aquel partido contra el Espanyol de la mano amiga de Iv\u00e1n Mart\u00ednez. Eran tiempos de oportunidades para voluntarios de la cantera, en una de las batallas mas cruentas por la supervivencia del club. Desde entonces ha disputado 77 partidos en los que ha sido titular en 31 ocasiones, menos de la mitad, estigmatizado por la etiqueta de jugador revulsivo que le colg\u00f3 JIM y que \u00e9l acept\u00f3 de buen grado como corresponde a un meritorio que sue\u00f1a con vestir la camiseta del Real Zaragoza aunque sea por un segundo.<\/p>\n<p>Cuestionado t\u00e9cnicamente, sobre todo en la finalizaci\u00f3n, y admirado por su emocionante perseverancia y supremac\u00eda f\u00edsica en los duelos, el ariete se elev\u00f3 por encima de la incompetencia goleadora del Toro Fern\u00e1ndez, Vuckic, \u00c1lex Alegr\u00eda, \u00c1lvaro Gim\u00e9nez, Nano Mesa, Sabin Merino y, esta temporada, Pape Gueye. Entre esa lista de competidores que ven\u00edan a dejarlo a un lado, Az\u00f3n fue haciendo surco gracias a su explosividad, a su capacidad para generar tormentas ofensivas en su \u00f3rbita de acci\u00f3n y a marcar goles de un enorme valor. Aun as\u00ed, siempre ha estado examinado por los prejuicios, algunos justificados como el de su ternura puntual en los acabados y otros condicionados a una \u00f3ptica desenfocada de sus considerables virtudes y a la falta de valent\u00eda de ciertos entrenadores.<\/p>\n<p>Las lesiones de este curso le han impedido discutir por el puesto con asiduidad, y por la ventana de invierno, la direcci\u00f3n deportiva busca un <em>9<\/em> tras el estrepitoso fracaso con Gueye, aunque por las limitaciones econ\u00f3micas es muy probable que renuncie a ese objetivo que quiere acompa\u00f1ar con alguien de desborde arriba, mejor por los extremos. Una vez m\u00e1s, Az\u00f3n tendr\u00e1 que armarse de argumentos para conquistar un puesto fijo, aunque en esta ocasi\u00f3n todo indica que la hora de la puntualidad en el equipo inicial le ha llegado. Con Giuliano, que hoy se ha entrenado con el grupo despu\u00e9s de diez d\u00edas ausente por los problemas lumbares que le dejaron fuera del \u00faltimo encuentro, puede formar una sociedad carn\u00edvora, irreverente y exitosa por su insaciable apetito percusionista. La gente quiere ver a los chicos aporrear la bater\u00eda en el escenario. Se intuye una dulce melod\u00eda de fondo.<\/p>\n<p>Fran Escrib\u00e1 se lo encontr\u00f3 en la enfermer\u00eda. En Villarreal le reserv\u00f3 por prudencia, pero tuvo que recurrir a Az\u00f3n en el descanso para evitar un grave accidente en El Madrigal. El punta le respondi\u00f3 a los seis minutos con el gol que llen\u00f3 el dep\u00f3sito de la remontada, un diana de un futbolista maduro, con clase, veloz, infalible para colar el bal\u00f3n entre las piernas de Iker. Ha dejado de ser la bomba de relojer\u00eda que se colocaba en el banquillo y se activaba en el campo en los momentos m\u00e1s delicados. A partir de El Molin\u00f3n, ante el Sporting, deber\u00eda ser su hora sin ning\u00fan tipo de temporizadores.<\/p>\n","protected":false},"excerpt":{"rendered":"<p>El Molin\u00f3n deber\u00eda ser la lanzadera definitiva hacia la titularidad continuada de Iv\u00e1n Az\u00f3n, un delantero explosivo que ha vivido la mayor parte del tiempo examinado por los prejuicios Est\u00e1 en boca de todos y en el coraz\u00f3n de los aficionados, pero Iv\u00e1n Az\u00f3n, dos a\u00f1os y des meses despu\u00e9s <a class=\"read-more\" href=\"https:\/\/principesdeparis.es\/principes\/la-hora-de-la-bomba-de-relojeria\/\">Sigue leyendo<\/a><\/p>\n","protected":false},"author":2,"featured_media":10153,"comment_status":"open","ping_status":"open","sticky":false,"template":"","format":"standard","meta":{"footnotes":""},"categories":[13,1],"tags":[],"class_list":["post-10152","post","type-post","status-publish","format-standard","has-post-thumbnail","hentry","category-publicidad","category-real-zaragoza"],"_links":{"self":[{"href":"https:\/\/principesdeparis.es\/principes\/wp-json\/wp\/v2\/posts\/10152","targetHints":{"allow":["GET"]}}],"collection":[{"href":"https:\/\/principesdeparis.es\/principes\/wp-json\/wp\/v2\/posts"}],"about":[{"href":"https:\/\/principesdeparis.es\/principes\/wp-json\/wp\/v2\/types\/post"}],"author":[{"embeddable":true,"href":"https:\/\/principesdeparis.es\/principes\/wp-json\/wp\/v2\/users\/2"}],"replies":[{"embeddable":true,"href":"https:\/\/principesdeparis.es\/principes\/wp-json\/wp\/v2\/comments?post=10152"}],"version-history":[{"count":3,"href":"https:\/\/principesdeparis.es\/principes\/wp-json\/wp\/v2\/posts\/10152\/revisions"}],"predecessor-version":[{"id":10156,"href":"https:\/\/principesdeparis.es\/principes\/wp-json\/wp\/v2\/posts\/10152\/revisions\/10156"}],"wp:featuredmedia":[{"embeddable":true,"href":"https:\/\/principesdeparis.es\/principes\/wp-json\/wp\/v2\/media\/10153"}],"wp:attachment":[{"href":"https:\/\/principesdeparis.es\/principes\/wp-json\/wp\/v2\/media?parent=10152"}],"wp:term":[{"taxonomy":"category","embeddable":true,"href":"https:\/\/principesdeparis.es\/principes\/wp-json\/wp\/v2\/categories?post=10152"},{"taxonomy":"post_tag","embeddable":true,"href":"https:\/\/principesdeparis.es\/principes\/wp-json\/wp\/v2\/tags?post=10152"}],"curies":[{"name":"wp","href":"https:\/\/api.w.org\/{rel}","templated":true}]}}