{"id":10216,"date":"2023-01-26T17:07:35","date_gmt":"2023-01-26T17:07:35","guid":{"rendered":"https:\/\/principesdeparis.es\/principes\/?p=10216"},"modified":"2023-01-26T17:26:10","modified_gmt":"2023-01-26T17:26:10","slug":"uno-o-dos-fichajes-ya-lo-dijo-el-senor-mas","status":"publish","type":"post","link":"https:\/\/principesdeparis.es\/principes\/uno-o-dos-fichajes-ya-lo-dijo-el-senor-mas\/","title":{"rendered":"Uno o dos fichajes, ya lo dijo el se\u00f1or Mas"},"content":{"rendered":"<p>Las salidas se van complicando, aunque, como es l\u00f3gico, alguna se producir\u00e1 antes del cierre del mercado de invierno pese a que no sean todas las deseadas por Juan Carlos Cordero. Las negociaciones se van a prolongar posiblemente hasta el \u00faltimo segundo del d\u00eda 31 tambi\u00e9n para la entrada de jugadores&#8230; El despacho del director deportivo, seg\u00fan se desprende de los diferentes noticieros, est\u00e1 que echa fuego, y el mismo ejecutivo estar\u00eda roci\u00e1ndose en gasolina seg\u00fan se le van yendo de las manos los diferentes frentes abiertos para reforzar la plantilla en esta ventana. Cantero, Villalibre, Andr\u00e9s Mart\u00edn o Manu Vallejo son algunos de los nombres que han ocupado lugares de prioridad en la amplia agenda de Cordero con el objetivo de elevar el nivel ofensivo y que se han ido antes de llegar. La lista no dejar\u00e1 de parir delanteros y extremos infrautilizados por sus clubes. Tambi\u00e9n es probable que surjan centrocampistas y centrales de oportunidad&#8230;<\/p>\n<p>La veracidad de esos intentos y de otros que a\u00fan no han visto la luz es absoluta, tanto como que al presentarse en la mayor\u00eda de las pujas, el director deportivo sabe que el m\u00e1s atractivo de los argumentos, el desembolso de una buena parte de la n\u00f3mina de los elegidos para una cesi\u00f3n, reduce su poder de seducci\u00f3n a la m\u00ednima expresi\u00f3n. No hay motivo para el esc\u00e1ndalo ni para rasgarse las vestiduras en el caso de que en la medianoche de autos, el \u00fanico fichaje haya sido el de Tom\u00e1s Alarc\u00f3n, mediocentro defensivo de nacimiento. El presidente Jorge M\u00e1s ya lo advirti\u00f3 al t\u00e9rmino de la junta extraordinaria de accionistas: \u00abEn enero vendr\u00e1n uno o dos jugadores, el mercado importante ser\u00e1 el de verano\u00bb. Al chileno, por lo tanto, habr\u00eda que sumar otro futbolista m\u00e1s como mucho.<\/p>\n<p>Las palabras del magnate estadounidense hay que tomarlas en serio. Aunque aparente una representatividad relativa, sabe perfectamente cu\u00e1les son las directrices del grupo inversor y, adem\u00e1s, sus asesores no van a exponerle a un discurso unilateral o caprichoso. Nunca ha vendido humo y siempre ha intercalado, por delante o por detr\u00e1s, la nueva Romareda como eje del \u00e9xito del proyecto a largo plazo y que Escrib\u00e1, seg\u00fan su olfato deportivo, ha establecido en un m\u00e1ximo de tres a\u00f1os para consumar el ascenso. El regreso a Primera no se prev\u00e9 esta temporada, por lo que la planificaci\u00f3n para este curso ha sido siempre la de transitar por aguas templadas. En invierno no va a cambiar la temperatura de esa navegaci\u00f3n econ\u00f3mica as\u00ed el lunes el Real Zaragoza est\u00e9 a un punto, a tres o a siete de los puestos de descenso en funci\u00f3n de lo que haga el Racing con el Tenerife y del resultado frente a la Ponferradina en La Romareda.<\/p>\n<p>Uno o dos fichajes y a correr. Ni Cordero se inmola ni Escrib\u00e1, que ya ha advertido que el vestuario podr\u00eda quedarse como est\u00e1 ahora, se escandaliza. Porque el se\u00f1or Mas ya aclar\u00f3 a principios de diciembre que nadie esperase una revoluci\u00f3n en enero y que lo importante, lo mejor por venir, llegar\u00eda en el mercado estival. Abr\u00edguense pues con lo que hay a la espera de un verano florido.<\/p>\n<p>&nbsp;<\/p>\n<p><em>Foto: Jaime Galindo \/ El Peri\u00f3dico de Arag\u00f3n<\/em><\/p>\n","protected":false},"excerpt":{"rendered":"<p>Las salidas se van complicando, aunque, como es l\u00f3gico, alguna se producir\u00e1 antes del cierre del mercado de invierno pese a que no sean todas las deseadas por Juan Carlos Cordero. Las negociaciones se van a prolongar posiblemente hasta el \u00faltimo segundo del d\u00eda 31 tambi\u00e9n para la entrada de <a class=\"read-more\" href=\"https:\/\/principesdeparis.es\/principes\/uno-o-dos-fichajes-ya-lo-dijo-el-senor-mas\/\">Sigue leyendo<\/a><\/p>\n","protected":false},"author":2,"featured_media":10218,"comment_status":"open","ping_status":"open","sticky":false,"template":"","format":"standard","meta":{"footnotes":""},"categories":[13,1],"tags":[],"class_list":["post-10216","post","type-post","status-publish","format-standard","has-post-thumbnail","hentry","category-publicidad","category-real-zaragoza"],"_links":{"self":[{"href":"https:\/\/principesdeparis.es\/principes\/wp-json\/wp\/v2\/posts\/10216","targetHints":{"allow":["GET"]}}],"collection":[{"href":"https:\/\/principesdeparis.es\/principes\/wp-json\/wp\/v2\/posts"}],"about":[{"href":"https:\/\/principesdeparis.es\/principes\/wp-json\/wp\/v2\/types\/post"}],"author":[{"embeddable":true,"href":"https:\/\/principesdeparis.es\/principes\/wp-json\/wp\/v2\/users\/2"}],"replies":[{"embeddable":true,"href":"https:\/\/principesdeparis.es\/principes\/wp-json\/wp\/v2\/comments?post=10216"}],"version-history":[{"count":4,"href":"https:\/\/principesdeparis.es\/principes\/wp-json\/wp\/v2\/posts\/10216\/revisions"}],"predecessor-version":[{"id":10221,"href":"https:\/\/principesdeparis.es\/principes\/wp-json\/wp\/v2\/posts\/10216\/revisions\/10221"}],"wp:featuredmedia":[{"embeddable":true,"href":"https:\/\/principesdeparis.es\/principes\/wp-json\/wp\/v2\/media\/10218"}],"wp:attachment":[{"href":"https:\/\/principesdeparis.es\/principes\/wp-json\/wp\/v2\/media?parent=10216"}],"wp:term":[{"taxonomy":"category","embeddable":true,"href":"https:\/\/principesdeparis.es\/principes\/wp-json\/wp\/v2\/categories?post=10216"},{"taxonomy":"post_tag","embeddable":true,"href":"https:\/\/principesdeparis.es\/principes\/wp-json\/wp\/v2\/tags?post=10216"}],"curies":[{"name":"wp","href":"https:\/\/api.w.org\/{rel}","templated":true}]}}