{"id":10225,"date":"2023-01-29T09:16:49","date_gmt":"2023-01-29T09:16:49","guid":{"rendered":"https:\/\/principesdeparis.es\/principes\/?p=10225"},"modified":"2023-01-29T10:19:47","modified_gmt":"2023-01-29T10:19:47","slug":"escriba-insinua-un-frente-ofensivo-con-azon-giuliano-y-mollejo","status":"publish","type":"post","link":"https:\/\/principesdeparis.es\/principes\/escriba-insinua-un-frente-ofensivo-con-azon-giuliano-y-mollejo\/","title":{"rendered":"Escrib\u00e1 insin\u00faa un frente ofensivo con Az\u00f3n, Giuliano y Mollejo"},"content":{"rendered":"<p><strong>El entrenador del Real Zaragoza no lo ha asegurado, nunca lo hace de forma rotunda, pero s\u00ed ha insinuado que reunir\u00e1 en el frente ofensivo del encuentro de ma\u00f1ana contra la Ponferradina a Az\u00f3n y Giuliano, con la opci\u00f3n m\u00e1s que factible de que Mollejo regrese a la posici\u00f3n de extremo para dotar al Real Zaragoza de un aire ofensivo sin miramientos. El regreso de Bermejo, que est\u00e1 para jugar desde el principio, le hace feliz y aumenta unos recursos atacantes que utilizar\u00e1 para que el equipo se reponga con una victoria de la extra\u00f1a derrota en Gij\u00f3n.<\/strong><\/p>\n<p><strong>Estado de \u00e1nimo:<\/strong> \u00abNo estamos tocados, s\u00ed insatisfechos por no puntuar. Se perdi\u00f3 pero generamos cosas pese a que encajar tan pronto y jugar con uno menos y al final con dos. La derrota del Legan\u00e9s nos dej\u00f3 mas tocados que esta. Ven\u00edamos de una buena victoria en Villarreal y quer\u00edamos enlazar otra fuera pero no pudo ser\u00bb.<\/p>\n<p><strong>Un rival directo:<\/strong> \u00abDe toda la vida solo pienso de partido en partido. No hago c\u00e1balas. A este encuentro le doy importancia pero no por la repercusi\u00f3n que pueda tener en cuanto puntos sino porque nuestra obligaci\u00f3n es ganar siempre, sobre todo cuando vienes de una derrota, que la necesidad de sumar es mayor\u00bb<\/p>\n<p><strong>Operaci\u00f3n salida:<\/strong> \u00abEs un un tema de la direcci\u00f3n deportiva y yo ayudo y he hablado con algunos jugadores adem\u00e1s de opinar para lo que el club necesita. El comportamiento de los futbolistas que est\u00e1n en esa situaci\u00f3n es bueno porque lo contrario no lo aceptar\u00eda\u00bb.<\/p>\n<p><strong>Juego y clasificaci\u00f3n:<\/strong> \u00abNo estamos todav\u00eda en lo que quiero. Est\u00e1bamos creando m\u00e1s f\u00fatbol de ataque y quiero m\u00e1s solidez. A ratos se acerca pero no con continuidad, y eso no me gusta. Tuvimos la opci\u00f3n antes de Navidad de dar un salto en la clasificaci\u00f3n, y tambi\u00e9n en Gij\u00f3n. Esas dos opciones de sumar de tres y estar en mitad de la tabla no se ha dado y hay que seguir remando\u00bb<\/p>\n<p><strong>El regreso de Bermejo:<\/strong> \u00abEl equipo lo tengo claro y Bermejo est\u00e1 muy bien. Es desequilibrante, valiente, la pide siempre. No se esconde nunca. Estoy contento porque nos hace diferentes\u00bb.<\/p>\n<p><strong>Ataque:<\/strong> \u00abIv\u00e1n estuvo un par de d\u00edas con dolor de cabeza y Giuliano tiene esa peque\u00f1a molestia, pero ambos est\u00e1n disponibles. El cuerpo me ped\u00eda poner a los dos arriba en Gij\u00f3n pero no pudo ser por las circunstancias. Es una opci\u00f3n clara para ma\u00f1ana\u00bb.<\/p>\n<p><strong>Mollejo en banda<\/strong>: \u00abEs una de las opciones. Mollejo tiene otros registros y ya ha jugado conmigo en banda. Es otra de las posibilidades por nos permite seguir teniendo jugadores ofensivos en el campo\u00bb<\/p>\n<p><strong>Ponferradina:<\/strong> \u00abEs un equipo muy ordenado y bien plantado para no generar espacios. Ha mejorado en cuanto a que est\u00e1 m\u00e1s armado. Es muy complicado. Luego, a la hora de jugar, se asocia bien. Habr\u00e1 que tener paciencia en un partido muy largo y no cometer errores porque ellos conceden poco\u00bb.<\/p>\n<p><strong>Petrovic:<\/strong> \u00abEst\u00e1 claro por mi parte. Cuando no va convocado es que se ha hablado de su situaci\u00f3n. El mercado no es mi preocupaci\u00f3n, lo ser\u00e1 cuando se cierre para saber lo que somos y a lo que podemos aspirar\u00bb.<\/p>\n<p>&nbsp;<\/p>\n","protected":false},"excerpt":{"rendered":"<p>El entrenador del Real Zaragoza no lo ha asegurado, nunca lo hace de forma rotunda, pero s\u00ed ha insinuado que reunir\u00e1 en el frente ofensivo del encuentro de ma\u00f1ana contra la Ponferradina a Az\u00f3n y Giuliano, con la opci\u00f3n m\u00e1s que factible de que Mollejo regrese a la posici\u00f3n de <a class=\"read-more\" href=\"https:\/\/principesdeparis.es\/principes\/escriba-insinua-un-frente-ofensivo-con-azon-giuliano-y-mollejo\/\">Sigue leyendo<\/a><\/p>\n","protected":false},"author":2,"featured_media":10226,"comment_status":"open","ping_status":"open","sticky":false,"template":"","format":"standard","meta":{"footnotes":""},"categories":[13,1],"tags":[],"class_list":["post-10225","post","type-post","status-publish","format-standard","has-post-thumbnail","hentry","category-publicidad","category-real-zaragoza"],"_links":{"self":[{"href":"https:\/\/principesdeparis.es\/principes\/wp-json\/wp\/v2\/posts\/10225","targetHints":{"allow":["GET"]}}],"collection":[{"href":"https:\/\/principesdeparis.es\/principes\/wp-json\/wp\/v2\/posts"}],"about":[{"href":"https:\/\/principesdeparis.es\/principes\/wp-json\/wp\/v2\/types\/post"}],"author":[{"embeddable":true,"href":"https:\/\/principesdeparis.es\/principes\/wp-json\/wp\/v2\/users\/2"}],"replies":[{"embeddable":true,"href":"https:\/\/principesdeparis.es\/principes\/wp-json\/wp\/v2\/comments?post=10225"}],"version-history":[{"count":2,"href":"https:\/\/principesdeparis.es\/principes\/wp-json\/wp\/v2\/posts\/10225\/revisions"}],"predecessor-version":[{"id":10228,"href":"https:\/\/principesdeparis.es\/principes\/wp-json\/wp\/v2\/posts\/10225\/revisions\/10228"}],"wp:featuredmedia":[{"embeddable":true,"href":"https:\/\/principesdeparis.es\/principes\/wp-json\/wp\/v2\/media\/10226"}],"wp:attachment":[{"href":"https:\/\/principesdeparis.es\/principes\/wp-json\/wp\/v2\/media?parent=10225"}],"wp:term":[{"taxonomy":"category","embeddable":true,"href":"https:\/\/principesdeparis.es\/principes\/wp-json\/wp\/v2\/categories?post=10225"},{"taxonomy":"post_tag","embeddable":true,"href":"https:\/\/principesdeparis.es\/principes\/wp-json\/wp\/v2\/tags?post=10225"}],"curies":[{"name":"wp","href":"https:\/\/api.w.org\/{rel}","templated":true}]}}