{"id":10301,"date":"2023-02-04T09:54:01","date_gmt":"2023-02-04T09:54:01","guid":{"rendered":"https:\/\/principesdeparis.es\/principes\/?p=10301"},"modified":"2023-02-04T09:54:01","modified_gmt":"2023-02-04T09:54:01","slug":"escriba-bebe-aporta-la-jerarquia-que-nos-falta","status":"publish","type":"post","link":"https:\/\/principesdeparis.es\/principes\/escriba-bebe-aporta-la-jerarquia-que-nos-falta\/","title":{"rendered":"Escrib\u00e1: \u00abBeb\u00e9 aporta la jerarqu\u00eda que nos falta\u00bb"},"content":{"rendered":"<p><strong>Bebe y en el mercado:<\/strong> \u00abOcurri\u00f3 lo que esper\u00e1bamos. Est\u00e1bamos muy limitados por las fichas ocupadas y eso nos condicion\u00f3. En cuento a Beb\u00e9, es un futbolista muy interesante que cubre nuestra prioridad es esa posici\u00f3n, en banda izquierda, con gran tiro exterior y la jerarqu\u00eda que este equipo joven falta en algunos aspectos. Conoce bien la Liga y aporta madurez al equipo\u00bb.<\/p>\n<p><strong>Los que siguen:<\/strong> \u00abCreo que te perjudica quedarte en un sitio donde no te quieren. Dicho esto, son uno m\u00e1s pero es inc\u00f3modo para trabajar. Entrenar con 25 o 27 futbolistas molesta, pero lo gestionaremos implic\u00e1ndonos m\u00e1s con los que tiene que participar. No nos queda m\u00e1s remedio que aceptarlo\u00bb.<\/p>\n<p><strong>Igbekeme:<\/strong> \u00abLe dej\u00e9 claro mi pensamiento y decidi\u00f3 quedarse, pero no va a participar\u00bb.<\/p>\n<p><strong>Luna:<\/strong> \u00abEl tuvo una opci\u00f3n de salir pero se quiso quedar. Yo dije que hab\u00eda que escucharle, pero que en ning\u00fan caso que se desvinculase del club. Sigue con nosotros y cuento con \u00e9l, pero si no es as\u00ed bajar\u00e1 al filial porque lo importante es que sume minutos. Es un futbolista de presente pero sobre todo de futuro\u00bb.<\/p>\n<p><strong>Periodo complicado:<\/strong> \u00abLa \u00e9poca del mercado es dif\u00edcil para los entrenadores porque hay gente muy distra\u00edda por su situaci\u00f3n, pero el comportamiento general ha sido muy bueno. En el caso particular de Petrovic, su respuesta fue espectacular despidi\u00e9ndose con cari\u00f1o de todos. Ahora toca que nos centremos en los partidos y en los que est\u00e1n\u00bb.<\/p>\n<p><strong>Az\u00f3n:<\/strong>\u00a0\u00abIv\u00e1n, seg\u00fan las pruebas m\u00e9dicas, tiene poquita cosa, pero sus sensaciones no son buenas. Hasta que no se encuentre perfecto no asumiremos riesgos\u00bb.<\/p>\n<p><strong>El once y Bebe:<\/strong> \u00abAhora,\u00a0 no lo tengo tan claro en alguna posici\u00f3n por buenas noticias. Tengo a muchos disponibles que aportan cosas nuevas como el caso de Beb\u00e9. Tengo tanta gente con la vuelta de los sancionados y de G\u00e1mez, que est\u00e1 disponible, que es un problema bienvenido, pero lo analizaremos\u00bb.<\/p>\n<p><strong>La amenaza de terceros:<\/strong> \u00abEsa amenaza o proximidad va a ser habitual para muchos. Lo importante es escalar puestos y verte a mitad de tabla porque a nivel de moral es bueno. Afronto esta jornada sin pensar en terceros resultados sino en la oportunidad de sumar tres puntos\u00bb.<\/p>\n<p><strong>Tipo de partido:<\/strong> \u00abQueremos jugar en funci\u00f3n nuestra. Se sabe a lo que juega el Andorra, pero no no entraremos en lo que propongan. Vamos a ser valientes y buscar porter\u00eda, no solo al contragolpe. A ellos les molesta no tener bal\u00f3n y vamos a intentar quit\u00e1rselo\u00bb.<\/p>\n<p><strong>Marc Aguado:<\/strong> \u00abMe parece un buen jugador y espero que el a\u00f1o pr\u00f3ximo est\u00e9 con nosotros. Deber\u00eda ser importante la temporada que viene en esta plantilla\u00bb.<\/p>\n<p>&nbsp;<\/p>\n","protected":false},"excerpt":{"rendered":"<p>Bebe y en el mercado: \u00abOcurri\u00f3 lo que esper\u00e1bamos. Est\u00e1bamos muy limitados por las fichas ocupadas y eso nos condicion\u00f3. En cuento a Beb\u00e9, es un futbolista muy interesante que cubre nuestra prioridad es esa posici\u00f3n, en banda izquierda, con gran tiro exterior y la jerarqu\u00eda que este equipo joven <a class=\"read-more\" href=\"https:\/\/principesdeparis.es\/principes\/escriba-bebe-aporta-la-jerarquia-que-nos-falta\/\">Sigue leyendo<\/a><\/p>\n","protected":false},"author":2,"featured_media":10303,"comment_status":"open","ping_status":"open","sticky":false,"template":"","format":"standard","meta":{"footnotes":""},"categories":[13,1],"tags":[],"class_list":["post-10301","post","type-post","status-publish","format-standard","has-post-thumbnail","hentry","category-publicidad","category-real-zaragoza"],"_links":{"self":[{"href":"https:\/\/principesdeparis.es\/principes\/wp-json\/wp\/v2\/posts\/10301","targetHints":{"allow":["GET"]}}],"collection":[{"href":"https:\/\/principesdeparis.es\/principes\/wp-json\/wp\/v2\/posts"}],"about":[{"href":"https:\/\/principesdeparis.es\/principes\/wp-json\/wp\/v2\/types\/post"}],"author":[{"embeddable":true,"href":"https:\/\/principesdeparis.es\/principes\/wp-json\/wp\/v2\/users\/2"}],"replies":[{"embeddable":true,"href":"https:\/\/principesdeparis.es\/principes\/wp-json\/wp\/v2\/comments?post=10301"}],"version-history":[{"count":1,"href":"https:\/\/principesdeparis.es\/principes\/wp-json\/wp\/v2\/posts\/10301\/revisions"}],"predecessor-version":[{"id":10302,"href":"https:\/\/principesdeparis.es\/principes\/wp-json\/wp\/v2\/posts\/10301\/revisions\/10302"}],"wp:featuredmedia":[{"embeddable":true,"href":"https:\/\/principesdeparis.es\/principes\/wp-json\/wp\/v2\/media\/10303"}],"wp:attachment":[{"href":"https:\/\/principesdeparis.es\/principes\/wp-json\/wp\/v2\/media?parent=10301"}],"wp:term":[{"taxonomy":"category","embeddable":true,"href":"https:\/\/principesdeparis.es\/principes\/wp-json\/wp\/v2\/categories?post=10301"},{"taxonomy":"post_tag","embeddable":true,"href":"https:\/\/principesdeparis.es\/principes\/wp-json\/wp\/v2\/tags?post=10301"}],"curies":[{"name":"wp","href":"https:\/\/api.w.org\/{rel}","templated":true}]}}