{"id":10307,"date":"2023-02-05T14:16:08","date_gmt":"2023-02-05T14:16:08","guid":{"rendered":"https:\/\/principesdeparis.es\/principes\/?p=10307"},"modified":"2023-02-05T14:33:48","modified_gmt":"2023-02-05T14:33:48","slug":"cinco-cambios-con-alarcon-y-bebe-en-el-banco","status":"publish","type":"post","link":"https:\/\/principesdeparis.es\/principes\/cinco-cambios-con-alarcon-y-bebe-en-el-banco\/","title":{"rendered":"Cinco cambios con Alarc\u00f3n y Beb\u00e9 en el banco"},"content":{"rendered":"<header class=\"entry-header\">\n<div class=\"entry-meta\">Los dos \u00faltimos fichajes del Real Zaragoza, Alarc\u00f3n y Beb\u00e9, partir\u00e1n desde el banquillo en el encuentro contra el Andorra. Fran Escrib\u00e1 ha considerado oportuno dejar al chileno en el banco y refrendar su confianza en el Zapater para que acompa\u00f1e en el doble pivote a Francho en un centro del campo al que regresa Vada tras cumplir su partido de sanci\u00f3n. Las otras cuatro novedades en la alineaci\u00f3n afectan en su mayor parte a la l\u00ednea defensiva, donde Nieto y G\u00e1mez, de vuelta una vez recuperado de su lesi\u00f3n, se ocupar\u00e1n de los laterales mientras Jair, de retorno de su castigo por acumulaci\u00f3n de tarjetas, sustituye a Llu\u00eds L\u00f3pez . En ataque, Giuliano retoma la titularidad para formar la dupla ofensiva con un Mollejo que se reubica en posiciones m\u00e1s adelantadas por la baja de Az\u00f3n.<\/div>\n<\/header>\n<div><\/div>\n<div>La primera jornada una vez cerrado el mercado invernal presenta a un equipo sin grandes movimientos y algo asfixiado por la clasificaci\u00f3n, un Real Zaragoza a cuatro puntos del descenso que necesita ganar al equipo de Eder Sarabia para establecer una distancia prudencial con el descenso y no afrontar lo que resta de temporada en un estado constante de ansiedad. Despu\u00e9s de dos encuentros consecutivos sin vencer ni ver puerta, el gol vuelve a ser el gran reto ante un rival que en horas bajas de resultados\u00a0 despu\u00e9s tres jornadas seguidas perdiendo. Para doblegar al conjunto del Principado, el equipo que m\u00e1s disfruta con la posesi\u00f3n del bal\u00f3n y cuya personalidad orbita alrededor de la pelota, Escrib\u00e1 no contempla en principio ser un mero invitado al desarrollo del juego, sino adquirir protagonismo y amenazar con la mayor insistencia posible.<\/div>\n<div><\/div>\n<div><strong>La alineaci\u00f3n del Andorra<\/strong><\/div>\n<div><\/div>\n<blockquote class=\"twitter-tweet\">\n<p dir=\"ltr\" lang=\"es\">&#x1f465; El XI de nuestro rival de hoy: <a href=\"https:\/\/twitter.com\/fcandorra?ref_src=twsrc%5Etfw\">@fcandorra<\/a> <a href=\"https:\/\/twitter.com\/hashtag\/AndorraRealZaragoza?src=hash&amp;ref_src=twsrc%5Etfw\">#AndorraRealZaragoza<\/a> <a href=\"https:\/\/t.co\/v6GMwE8nAZ\">https:\/\/t.co\/v6GMwE8nAZ<\/a><\/p>\n<p>\u2014 Real Zaragoza &#x1f981; (@RealZaragoza) <a href=\"https:\/\/twitter.com\/RealZaragoza\/status\/1622235538362191874?ref_src=twsrc%5Etfw\">February 5, 2023<\/a><\/p><\/blockquote>\n<p><script async src=\"https:\/\/platform.twitter.com\/widgets.js\" charset=\"utf-8\"><\/script><\/p>\n","protected":false},"excerpt":{"rendered":"<p>Los dos \u00faltimos fichajes del Real Zaragoza, Alarc\u00f3n y Beb\u00e9, partir\u00e1n desde el banquillo en el encuentro contra el Andorra. Fran Escrib\u00e1 ha considerado oportuno dejar al chileno en el banco y refrendar su confianza en el Zapater para que acompa\u00f1e en el doble pivote a Francho en un centro <a class=\"read-more\" href=\"https:\/\/principesdeparis.es\/principes\/cinco-cambios-con-alarcon-y-bebe-en-el-banco\/\">Sigue leyendo<\/a><\/p>\n","protected":false},"author":2,"featured_media":10308,"comment_status":"open","ping_status":"open","sticky":false,"template":"","format":"standard","meta":{"footnotes":""},"categories":[13,1],"tags":[],"class_list":["post-10307","post","type-post","status-publish","format-standard","has-post-thumbnail","hentry","category-publicidad","category-real-zaragoza"],"_links":{"self":[{"href":"https:\/\/principesdeparis.es\/principes\/wp-json\/wp\/v2\/posts\/10307","targetHints":{"allow":["GET"]}}],"collection":[{"href":"https:\/\/principesdeparis.es\/principes\/wp-json\/wp\/v2\/posts"}],"about":[{"href":"https:\/\/principesdeparis.es\/principes\/wp-json\/wp\/v2\/types\/post"}],"author":[{"embeddable":true,"href":"https:\/\/principesdeparis.es\/principes\/wp-json\/wp\/v2\/users\/2"}],"replies":[{"embeddable":true,"href":"https:\/\/principesdeparis.es\/principes\/wp-json\/wp\/v2\/comments?post=10307"}],"version-history":[{"count":7,"href":"https:\/\/principesdeparis.es\/principes\/wp-json\/wp\/v2\/posts\/10307\/revisions"}],"predecessor-version":[{"id":10319,"href":"https:\/\/principesdeparis.es\/principes\/wp-json\/wp\/v2\/posts\/10307\/revisions\/10319"}],"wp:featuredmedia":[{"embeddable":true,"href":"https:\/\/principesdeparis.es\/principes\/wp-json\/wp\/v2\/media\/10308"}],"wp:attachment":[{"href":"https:\/\/principesdeparis.es\/principes\/wp-json\/wp\/v2\/media?parent=10307"}],"wp:term":[{"taxonomy":"category","embeddable":true,"href":"https:\/\/principesdeparis.es\/principes\/wp-json\/wp\/v2\/categories?post=10307"},{"taxonomy":"post_tag","embeddable":true,"href":"https:\/\/principesdeparis.es\/principes\/wp-json\/wp\/v2\/tags?post=10307"}],"curies":[{"name":"wp","href":"https:\/\/api.w.org\/{rel}","templated":true}]}}