{"id":10334,"date":"2023-02-07T09:19:42","date_gmt":"2023-02-07T09:19:42","guid":{"rendered":"https:\/\/principesdeparis.es\/principes\/?p=10334"},"modified":"2023-02-07T10:11:38","modified_gmt":"2023-02-07T10:11:38","slug":"parte-de-guerra-multiple-en-el-real-zaragoza","status":"publish","type":"post","link":"https:\/\/principesdeparis.es\/principes\/parte-de-guerra-multiple-en-el-real-zaragoza\/","title":{"rendered":"Parte de guerra m\u00faltiple en el Real Zaragoza"},"content":{"rendered":"<p>El Real Zaragoza y Fran Escrib\u00e1 desde que se hizo cargo del equipo viven en continuo estado de alerta por los problemas f\u00edsicos que se van sucediendo en los jugadores.\u00a0 El encuentro contra el Andorra dej\u00f3 dos lesionados, uno de ellos, Mollejo, con una fractura bimaleolar no desplazada en su tobillo izquierdo, que podr\u00eda mantenerle fuera de los terrenos de juego durante al menos dos meses con la posibilidad de que incluso pueda perderse lo que resta de curso. El cuerpo m\u00e9dico, tras las pruebas m\u00e9dicas a las que se ha sometido el futbolista, est\u00e1 valorando el tratamiento m\u00e1s adecuado, pero todo indica una ausencia a muy largo plazo. Mollejo se lesion\u00f3 en una acci\u00f3n defensiva, al interceptar un disparo a puerta que impact\u00f3 en su articulaci\u00f3n y le oblig\u00f3 a abandonar el encuentro con visibles muestras de dolor y el estadio en muletas. Sergio Bermejo es otro de los damnificados del partido en el Principado. El centrocampista sufre un traumatismo en la cresta iliaca derecha y habr\u00e1 que comprobar su evoluci\u00f3n aunque resulta improbable que pueda estar en condiciones el pr\u00f3ximo s\u00e1bado ante el Alav\u00e9s.<\/p>\n<p>El parte de guerra comunica tambi\u00e9n con otra mala noticia,\u00a0 preocupante por la reincidencia del jugador en diversas dolencias musculares que le est\u00e1n impidiendo participar a lo largo de esta temporada y que amenazan con seguir dej\u00e1ndole fuera de combate en sucesivas jornadas.\u00a0 El club indica que a Iv\u00e1n Az\u00f3n, ante la persistencia de unas peque\u00f1as molestias musculares, se le ha ampliado el estudio y ha comenzado a recibir un tratamiento para recuperarse de una peque\u00f1a lesi\u00f3n que sufre a nivel de la musculatura isquiosural de su pierna derecha. El ariete, por lo tanto, continuar\u00e1 en la enfermer\u00eda a la espera de la evoluci\u00f3n de un problema que se cre\u00eda superado y que, sin embargo, le oblig\u00f3 a ser relevado en el partido contra la Ponferradina. El atacante tan s\u00f3lo ha podido participar en diez encuentros, cinco de ellos de titular y ha marcado dos goles.<\/p>\n<p>&nbsp;<\/p>\n<p>&nbsp;<\/p>\n","protected":false},"excerpt":{"rendered":"<p>El Real Zaragoza y Fran Escrib\u00e1 desde que se hizo cargo del equipo viven en continuo estado de alerta por los problemas f\u00edsicos que se van sucediendo en los jugadores.\u00a0 El encuentro contra el Andorra dej\u00f3 dos lesionados, uno de ellos, Mollejo, con una fractura bimaleolar no desplazada en su <a class=\"read-more\" href=\"https:\/\/principesdeparis.es\/principes\/parte-de-guerra-multiple-en-el-real-zaragoza\/\">Sigue leyendo<\/a><\/p>\n","protected":false},"author":2,"featured_media":10335,"comment_status":"open","ping_status":"open","sticky":false,"template":"","format":"standard","meta":{"footnotes":""},"categories":[13,1],"tags":[],"class_list":["post-10334","post","type-post","status-publish","format-standard","has-post-thumbnail","hentry","category-publicidad","category-real-zaragoza"],"_links":{"self":[{"href":"https:\/\/principesdeparis.es\/principes\/wp-json\/wp\/v2\/posts\/10334","targetHints":{"allow":["GET"]}}],"collection":[{"href":"https:\/\/principesdeparis.es\/principes\/wp-json\/wp\/v2\/posts"}],"about":[{"href":"https:\/\/principesdeparis.es\/principes\/wp-json\/wp\/v2\/types\/post"}],"author":[{"embeddable":true,"href":"https:\/\/principesdeparis.es\/principes\/wp-json\/wp\/v2\/users\/2"}],"replies":[{"embeddable":true,"href":"https:\/\/principesdeparis.es\/principes\/wp-json\/wp\/v2\/comments?post=10334"}],"version-history":[{"count":6,"href":"https:\/\/principesdeparis.es\/principes\/wp-json\/wp\/v2\/posts\/10334\/revisions"}],"predecessor-version":[{"id":10341,"href":"https:\/\/principesdeparis.es\/principes\/wp-json\/wp\/v2\/posts\/10334\/revisions\/10341"}],"wp:featuredmedia":[{"embeddable":true,"href":"https:\/\/principesdeparis.es\/principes\/wp-json\/wp\/v2\/media\/10335"}],"wp:attachment":[{"href":"https:\/\/principesdeparis.es\/principes\/wp-json\/wp\/v2\/media?parent=10334"}],"wp:term":[{"taxonomy":"category","embeddable":true,"href":"https:\/\/principesdeparis.es\/principes\/wp-json\/wp\/v2\/categories?post=10334"},{"taxonomy":"post_tag","embeddable":true,"href":"https:\/\/principesdeparis.es\/principes\/wp-json\/wp\/v2\/tags?post=10334"}],"curies":[{"name":"wp","href":"https:\/\/api.w.org\/{rel}","templated":true}]}}