{"id":10347,"date":"2023-02-07T15:04:18","date_gmt":"2023-02-07T15:04:18","guid":{"rendered":"https:\/\/principesdeparis.es\/principes\/?p=10347"},"modified":"2023-02-07T22:17:55","modified_gmt":"2023-02-07T22:17:55","slug":"peligra-el-doble-delantero","status":"publish","type":"post","link":"https:\/\/principesdeparis.es\/principes\/peligra-el-doble-delantero\/","title":{"rendered":"Peligra el doble delantero"},"content":{"rendered":"<header class=\"entry-header\">\n<h3 class=\"entry-title\" style=\"text-align: center;\">La fractura de tobillo de Mollejo, los sucesivos problemas musculares de Az\u00f3n y la ausencia competitiva de Gueye ponen en riesgo el por ahora innegociable 1-4-4-2 de Fran Escrib\u00e1<\/h3>\n<\/header>\n<div class=\"entry-content\">\n<p>El primer mandamiento que orden\u00f3 Fran Escrib\u00e1 al responsabilizarse de la direcci\u00f3n del Real Zaragoza fue jugar con dos delanteros en un sistema 1-4-4-2, el dibujo t\u00e1ctico que m\u00e1s le ha seducido a lo largo de su trayectoria profesional como entrenador. El t\u00e9cnico aline\u00f3 en la Copa ante el Diocesano a Giuliano y Gueye para dotar de sello de identidad m\u00e1s ofensivo al conjunto aragon\u00e9s. Tuvo que renunciar a ese plan en el descanso ante la ineficacia del senegal\u00e9s en una eliminatoria que acab\u00f3 perdi\u00e9ndose. Pese a ese mal trago, no ha dejado de insistir en formar con un par de puntas, lo que ha dotado al equipo de algo m\u00e1s de gol, pero sobre todo de una personalidad atrevida al margen de los resultados y de la punter\u00eda.<\/p>\n<p>A Escrib\u00e1 se le presenta un problema de calado a partir de ahora y posiblemente durante muchas jornadas sin fecha de caducidad a la vista. Giuliano y Mollejo han sido la avanzadilla habitual desde La Rosaleda ante la imposibilidad de reunir a pi\u00f1\u00f3n fijo a la pareja m\u00e1s deseada, el argentino y Az\u00f3n. Se han desvinculado por dos nuevas y fallidas apuestas en la alineaci\u00f3n por el africano en Albacete y en La Cer\u00e1mica y por la molestias lumbares de Simeone, mientras que frente a la Ponferradina se produjo la configuraci\u00f3n m\u00e1s valiente hasta la fecha con Az\u00f3n uni\u00e9ndose a esa avanzadilla. La fractura de tobillo del toledano en Andorra, lo que es probable que le impida regresar en lo que resta de temporada, y las constantes molestias musculares del canterano, al que se la ha detectado un peque\u00f1o rotura fibrilar que se suma a su particular v\u00eda crucis, amenazan seriamente el 1-4-4-2 de Escrib\u00e1.<\/p>\n<p>A esa ocupaci\u00f3n de la enfermer\u00eda de futbolistas ofensivos hay que a\u00f1adir la irreparable ausencia competitiva y productiva de Makhtar Gueye, una pieza que siempre entra en las citaciones pese a no aportar nada positivo. No s\u00f3lo no se ha estrenado como artillero, sino que adem\u00e1s ha dejado un reguero de intervenciones que cuestionan el m\u00ednimo de calidad exigible para jugar en Segunda Divisi\u00f3n. El panorama a estas horas es desolador para seguir imprimiendo al Real Zaragoza el car\u00e1cter que quiere su entrenador. S\u00f3lo queda Giuliano como representante cualificado en ataque, ya que posibilidad de recurrir a Puche como fijo en los planes iniciales o al filial como recurso puntual no parece convencer al t\u00e9cnico. Naranjo ha estado en cuatro citaciones sin que haya saltado al campo \u2013en la \u00faltima fue descartado\u2013.<\/p>\n<p>A bote pronto, la \u00fanica opci\u00f3n que le queda a Escrib\u00e1 para preservar la dupla de asalto es situar a Beb\u00e9 lo m\u00e1s pr\u00f3ximo posible a Giuliano, una variante que va contra la naturaleza del caboverdiano pese a que se haya desenvuelto en ocasiones como delantero casual. Beb\u00e9 posee un cat\u00e1logo variado y alcanza notoriedad en la anarqu\u00eda como se evidenci\u00f3 en ese contragolpe en Andorra al que acudi\u00f3 para movilizarse y finalizar como un 9, pero su mejor f\u00fatbol arranca desde el extremo, desde donde, de cara y no de espaldas, mejor activa su velocidad y el gatillo. Escrib\u00e1, que se ha dedicado desde el primer d\u00eda a solventar problemas, tiene ante s\u00ed un reto o una decisi\u00f3n. Las cuentas para continuar con dos delanteros no le salen.<\/p>\n<\/div>\n","protected":false},"excerpt":{"rendered":"<p>La fractura de tobillo de Mollejo, los sucesivos problemas musculares de Az\u00f3n y la ausencia competitiva de Gueye ponen en riesgo el por ahora innegociable 1-4-4-2 de Fran Escrib\u00e1 El primer mandamiento que orden\u00f3 Fran Escrib\u00e1 al responsabilizarse de la direcci\u00f3n del Real Zaragoza fue jugar con dos delanteros en <a class=\"read-more\" href=\"https:\/\/principesdeparis.es\/principes\/peligra-el-doble-delantero\/\">Sigue leyendo<\/a><\/p>\n","protected":false},"author":2,"featured_media":10345,"comment_status":"open","ping_status":"open","sticky":false,"template":"","format":"standard","meta":{"footnotes":""},"categories":[13,1],"tags":[],"class_list":["post-10347","post","type-post","status-publish","format-standard","has-post-thumbnail","hentry","category-publicidad","category-real-zaragoza"],"_links":{"self":[{"href":"https:\/\/principesdeparis.es\/principes\/wp-json\/wp\/v2\/posts\/10347","targetHints":{"allow":["GET"]}}],"collection":[{"href":"https:\/\/principesdeparis.es\/principes\/wp-json\/wp\/v2\/posts"}],"about":[{"href":"https:\/\/principesdeparis.es\/principes\/wp-json\/wp\/v2\/types\/post"}],"author":[{"embeddable":true,"href":"https:\/\/principesdeparis.es\/principes\/wp-json\/wp\/v2\/users\/2"}],"replies":[{"embeddable":true,"href":"https:\/\/principesdeparis.es\/principes\/wp-json\/wp\/v2\/comments?post=10347"}],"version-history":[{"count":1,"href":"https:\/\/principesdeparis.es\/principes\/wp-json\/wp\/v2\/posts\/10347\/revisions"}],"predecessor-version":[{"id":10348,"href":"https:\/\/principesdeparis.es\/principes\/wp-json\/wp\/v2\/posts\/10347\/revisions\/10348"}],"wp:featuredmedia":[{"embeddable":true,"href":"https:\/\/principesdeparis.es\/principes\/wp-json\/wp\/v2\/media\/10345"}],"wp:attachment":[{"href":"https:\/\/principesdeparis.es\/principes\/wp-json\/wp\/v2\/media?parent=10347"}],"wp:term":[{"taxonomy":"category","embeddable":true,"href":"https:\/\/principesdeparis.es\/principes\/wp-json\/wp\/v2\/categories?post=10347"},{"taxonomy":"post_tag","embeddable":true,"href":"https:\/\/principesdeparis.es\/principes\/wp-json\/wp\/v2\/tags?post=10347"}],"curies":[{"name":"wp","href":"https:\/\/api.w.org\/{rel}","templated":true}]}}