{"id":10352,"date":"2023-02-08T10:09:52","date_gmt":"2023-02-08T10:09:52","guid":{"rendered":"https:\/\/principesdeparis.es\/principes\/?p=10352"},"modified":"2023-02-08T10:26:32","modified_gmt":"2023-02-08T10:26:32","slug":"fran-gamez-se-viene-arriba","status":"publish","type":"post","link":"https:\/\/principesdeparis.es\/principes\/fran-gamez-se-viene-arriba\/","title":{"rendered":"Fran G\u00e1mez se viene arriba"},"content":{"rendered":"<p>Fran G\u00e1mez explica que nunca ha estado atento a la clasificaci\u00f3n en la zona m\u00e1s peligrosa. Al contrario, el lateral apunta que su mirada siempre se ha fijado en los puestos altos pese a que el equipo no haya conseguido todav\u00eda superar el ecuador de la tabla. El defensa considera clave el encuentro del s\u00e1bado ante el Alav\u00e9s para que el Real Zaragoza se proyecte hacia objetivos m\u00e1s ambiciosos, una victoria que supondr\u00eda encadenar dos encuentros consecutivos ganando con lo que supone de inyecci\u00f3n moral y deportiva. En cuanto a su rendimiento particular, reconoce que hubo un periodo, mientras se acercaba el n\u00famero de partidos establecidos para que su contrato se renovara de forma autom\u00e1tica una temporada m\u00e1s, que estuvo algo distra\u00eddo, demasiado pendiente de que se cumpliera esa prolongaci\u00f3n. Ahora declara que, al igual que su familia, est\u00e1 feliz y m\u00e1s centrado y que conf\u00eda en que su estancia en Zaragoza sea para m\u00e1s tiempo por la estabilidad que le genera.<\/p>\n<p><strong>Regreso tras la lesi\u00f3n:<\/strong> \u00abMe encontr\u00e9 muy bien. Ten\u00eda dudas porque llevaba dos semanas parado aun con buenas sensaciones. Estoy satisfecho porque no tuve molestia alguna\u00bb.<\/p>\n<p><strong>Lesiones de compa\u00f1eros:<\/strong> \u00abParece que cuando estamos todos recuperados, al siguiente partido vuelve a caer alguien. Lo de Mollejo va ser para m\u00e1s tiempo y confiemos en que se recupere bien. Nos afecta porque estamos haciendo buenos partidos y esas lesiones nos frenan y provocan la mejora el rival. Esperemos que ya no haya m\u00e1s malas noticias en este sentido\u00bb.<\/p>\n<p><strong>Su temporada:<\/strong> \u00abS\u00ed. Las lesiones nunca vienen bien, pero me ha servido para pensar c\u00f3mo estaba rindiendo a nivel personal. Ten\u00eda la renovaci\u00f3n por una serie de partidos y a nivel de cabeza no me hac\u00eda bien porque iba tachando fechas. Desde que se produjo, me he liberado de cabeza y estoy agradecido por la confianza que me da el m\u00edster casi siempre\u00bb.<\/p>\n<p><strong>Victorias en recta final:<\/strong> \u00abEso habla bastante bien del equipo, de las ganas por las victorias y de que nos encontramos bien f\u00edsicamente. Nos gustar\u00eda hacerlo antes, pero satisfechos tambi\u00e9n porque lleguen en el tiempo a\u00f1adido\u00bb.<\/p>\n<p><strong>Las cuentas:<\/strong> \u00abSinceramente, a lo mejor soy muy optimista, no he mirado nunca para abajo en toda la campa\u00f1a. S\u00e9 lo que nos falta para estar arriba y creo que el partido del s\u00e1bado va a marcar eso. Nos faltan dos victorias que nos den ese plus para fortalecer el aspecto mental. Con esos tres puntos contra el Alav\u00e9s mucha m\u00e1s gente va a mirar para arriba\u00bb.<\/p>\n<p><strong>Llegan los de arriba:<\/strong> \u00abPara estar donde queremos hay que ganar a esos equipos de la parte alta. Debemos demostrar que tenemos el nivel para competir con ellos y dar ese salto\u00bb.<\/p>\n<p><strong>Patinazos en casa:<\/strong> \u00abContra Mirand\u00e9s y Ponferradina pens\u00e1bamos que \u00edbamos a ganar y no se dio. Este s\u00e1bado se nos presenta una nueva oportunidad para hacernos fuertes en casa, necesario si queremos estar entre los mejores\u00bb.<\/p>\n","protected":false},"excerpt":{"rendered":"<p>Fran G\u00e1mez explica que nunca ha estado atento a la clasificaci\u00f3n en la zona m\u00e1s peligrosa. Al contrario, el lateral apunta que su mirada siempre se ha fijado en los puestos altos pese a que el equipo no haya conseguido todav\u00eda superar el ecuador de la tabla. El defensa considera <a class=\"read-more\" href=\"https:\/\/principesdeparis.es\/principes\/fran-gamez-se-viene-arriba\/\">Sigue leyendo<\/a><\/p>\n","protected":false},"author":2,"featured_media":10353,"comment_status":"open","ping_status":"open","sticky":false,"template":"","format":"standard","meta":{"footnotes":""},"categories":[13,1],"tags":[],"class_list":["post-10352","post","type-post","status-publish","format-standard","has-post-thumbnail","hentry","category-publicidad","category-real-zaragoza"],"_links":{"self":[{"href":"https:\/\/principesdeparis.es\/principes\/wp-json\/wp\/v2\/posts\/10352","targetHints":{"allow":["GET"]}}],"collection":[{"href":"https:\/\/principesdeparis.es\/principes\/wp-json\/wp\/v2\/posts"}],"about":[{"href":"https:\/\/principesdeparis.es\/principes\/wp-json\/wp\/v2\/types\/post"}],"author":[{"embeddable":true,"href":"https:\/\/principesdeparis.es\/principes\/wp-json\/wp\/v2\/users\/2"}],"replies":[{"embeddable":true,"href":"https:\/\/principesdeparis.es\/principes\/wp-json\/wp\/v2\/comments?post=10352"}],"version-history":[{"count":4,"href":"https:\/\/principesdeparis.es\/principes\/wp-json\/wp\/v2\/posts\/10352\/revisions"}],"predecessor-version":[{"id":10357,"href":"https:\/\/principesdeparis.es\/principes\/wp-json\/wp\/v2\/posts\/10352\/revisions\/10357"}],"wp:featuredmedia":[{"embeddable":true,"href":"https:\/\/principesdeparis.es\/principes\/wp-json\/wp\/v2\/media\/10353"}],"wp:attachment":[{"href":"https:\/\/principesdeparis.es\/principes\/wp-json\/wp\/v2\/media?parent=10352"}],"wp:term":[{"taxonomy":"category","embeddable":true,"href":"https:\/\/principesdeparis.es\/principes\/wp-json\/wp\/v2\/categories?post=10352"},{"taxonomy":"post_tag","embeddable":true,"href":"https:\/\/principesdeparis.es\/principes\/wp-json\/wp\/v2\/tags?post=10352"}],"curies":[{"name":"wp","href":"https:\/\/api.w.org\/{rel}","templated":true}]}}