{"id":10358,"date":"2023-02-09T09:35:55","date_gmt":"2023-02-09T09:35:55","guid":{"rendered":"https:\/\/principesdeparis.es\/principes\/?p=10358"},"modified":"2023-02-09T10:04:53","modified_gmt":"2023-02-09T10:04:53","slug":"fallece-marcos-alonso-exentrenador-del-real-zaragoza","status":"publish","type":"post","link":"https:\/\/principesdeparis.es\/principes\/fallece-marcos-alonso-exentrenador-del-real-zaragoza\/","title":{"rendered":"Fallece Marcos Alonso, exentrenador del Real Zaragoza"},"content":{"rendered":"<p>Marcos Alonso\u00a0 Pe\u00f1a (Santander, 1959), exentrenador del Real Zaragoza durante los \u00faltimos siete partidos de la temporada 2001-2002, ha fallecido hoy a los 63 a\u00f1os tras una larga enfermedad. Padre del actual futbolista del Barcelona, equipo en el que jug\u00f3 de 1982 a 1987 despu\u00e9s de que lo hiciera en el Racing, donde debut\u00f3 con 18 a\u00f1os, y el Atl\u00e9tico de de Madrid, e hijo de Marquitos, leyenda del Real Madrid de las cinco Copas de Europa, fue contratado por el conjunto aragon\u00e9s tras la destituci\u00f3n de Txetxu Rojo y el cese de Luis Costa con la intenci\u00f3n de evitar el descenso a Segunda, pero el c\u00e1ntabro no consigui\u00f3 ganar un solo encuentro. El partido donde se consum\u00f3 la p\u00e9rdida de categor\u00eda se disput\u00f3 en Villarreal, con una terrible batalla campal sobre el campo como colof\u00f3n. Internacional absoluto con Espa\u00f1a tambi\u00e9n entren\u00f3 a Rayo Vallecano, Racing, Sevilla, Atl\u00e9tico de Madrid, Valladolid, M\u00e1laga y Granada 74.<\/p>\n<p>El Real Zaragoza ha mostrado sus condolencias tras conocerse el fallecimiento del t\u00e9cnico c\u00e1ntabro. \u00abTransmitimos nuestra fuerza y cari\u00f1o a su familia, amigos y allegados en este dif\u00edcil momento. Descanse en paz\u00bb.<\/p>\n<blockquote class=\"twitter-tweet\">\n<p dir=\"ltr\" lang=\"es\">Condolencias por el fallecimiento de Marcos Alonso <a href=\"https:\/\/t.co\/O8ZvQerr1r\">https:\/\/t.co\/O8ZvQerr1r<\/a><\/p>\n<p>\u2014 Real Zaragoza &#x1f981; (@RealZaragoza) <a href=\"https:\/\/twitter.com\/RealZaragoza\/status\/1623622025846693888?ref_src=twsrc%5Etfw\">February 9, 2023<\/a><\/p><\/blockquote>\n<p><script async src=\"https:\/\/platform.twitter.com\/widgets.js\" charset=\"utf-8\"><\/script><\/p>\n","protected":false},"excerpt":{"rendered":"<p>Marcos Alonso\u00a0 Pe\u00f1a (Santander, 1959), exentrenador del Real Zaragoza durante los \u00faltimos siete partidos de la temporada 2001-2002, ha fallecido hoy a los 63 a\u00f1os tras una larga enfermedad. Padre del actual futbolista del Barcelona, equipo en el que jug\u00f3 de 1982 a 1987 despu\u00e9s de que lo hiciera en <a class=\"read-more\" href=\"https:\/\/principesdeparis.es\/principes\/fallece-marcos-alonso-exentrenador-del-real-zaragoza\/\">Sigue leyendo<\/a><\/p>\n","protected":false},"author":2,"featured_media":10359,"comment_status":"open","ping_status":"open","sticky":false,"template":"","format":"standard","meta":{"footnotes":""},"categories":[13,1],"tags":[],"class_list":["post-10358","post","type-post","status-publish","format-standard","has-post-thumbnail","hentry","category-publicidad","category-real-zaragoza"],"_links":{"self":[{"href":"https:\/\/principesdeparis.es\/principes\/wp-json\/wp\/v2\/posts\/10358","targetHints":{"allow":["GET"]}}],"collection":[{"href":"https:\/\/principesdeparis.es\/principes\/wp-json\/wp\/v2\/posts"}],"about":[{"href":"https:\/\/principesdeparis.es\/principes\/wp-json\/wp\/v2\/types\/post"}],"author":[{"embeddable":true,"href":"https:\/\/principesdeparis.es\/principes\/wp-json\/wp\/v2\/users\/2"}],"replies":[{"embeddable":true,"href":"https:\/\/principesdeparis.es\/principes\/wp-json\/wp\/v2\/comments?post=10358"}],"version-history":[{"count":10,"href":"https:\/\/principesdeparis.es\/principes\/wp-json\/wp\/v2\/posts\/10358\/revisions"}],"predecessor-version":[{"id":10372,"href":"https:\/\/principesdeparis.es\/principes\/wp-json\/wp\/v2\/posts\/10358\/revisions\/10372"}],"wp:featuredmedia":[{"embeddable":true,"href":"https:\/\/principesdeparis.es\/principes\/wp-json\/wp\/v2\/media\/10359"}],"wp:attachment":[{"href":"https:\/\/principesdeparis.es\/principes\/wp-json\/wp\/v2\/media?parent=10358"}],"wp:term":[{"taxonomy":"category","embeddable":true,"href":"https:\/\/principesdeparis.es\/principes\/wp-json\/wp\/v2\/categories?post=10358"},{"taxonomy":"post_tag","embeddable":true,"href":"https:\/\/principesdeparis.es\/principes\/wp-json\/wp\/v2\/tags?post=10358"}],"curies":[{"name":"wp","href":"https:\/\/api.w.org\/{rel}","templated":true}]}}