{"id":10368,"date":"2023-02-09T10:01:21","date_gmt":"2023-02-09T10:01:21","guid":{"rendered":"https:\/\/principesdeparis.es\/principes\/?p=10368"},"modified":"2023-02-09T10:01:21","modified_gmt":"2023-02-09T10:01:21","slug":"el-real-zaragoza-un-estado-de-animo-fortalecido","status":"publish","type":"post","link":"https:\/\/principesdeparis.es\/principes\/el-real-zaragoza-un-estado-de-animo-fortalecido\/","title":{"rendered":"El Real Zaragoza, un estado de \u00e1nimo fortalecido"},"content":{"rendered":"<p>Es posible que las adversidades en clave de lesiones fortalezcan al equipo blanquillo en el aspecto emocional. No en vano el campe\u00f3n del Mundo de f\u00fatbol y exzaragocista, Jorge Valdano, expres\u00f3 que un equipo es un \u201cestado de \u00e1nimo\u201d, frase que volvi\u00f3 a repetirme en Tiempo Extra, tristemente desaparecido, hace tres a\u00f1os. Las bajas de Mollejo, seguramente hasta final de temporada, la de Bermejo para una o dos semanas y la intermitencia de Iv\u00e1n Az\u00f3n, debilitan el ataque zaragocista porque arriba solamente est\u00e1n Giuliano Simeone con su tremendo trabajo, el cansancio o futuras lesiones musculares por sobrecarga, el reci\u00e9n incorporado Beb\u00e9, el discontinuo Puche o el desconocido Naranjo para el primer equipo. De Pape Gueye no voy a decir nada porque no conf\u00edo en su acoplamiento y triunfo en este equipo pero me alegrar\u00eda que la situaci\u00f3n cambiase y fuera \u00fatil para crear ocasiones de gol y, sobre todo, marcarlas. Los pr\u00f3ximos partidos ser\u00e1n determinantes porque la competici\u00f3n sigue siendo muy larga y se producen bajones y remontadas de todos los equipos. Por supuesto, el estadio municipal de la Romareda es clave y as\u00ed tendr\u00e1 que refrendarse este s\u00e1bado con un p\u00fablico de nuevo estimulado despu\u00e9s de la victoria en el Principado de Andorra. All\u00ed tambi\u00e9n se observ\u00f3 la madurez de un joven zaragocista, Marc Aguado, que es uno de los puntales futuros del nuevo Real Zaragoza.<\/p>\n","protected":false},"excerpt":{"rendered":"<p>Es posible que las adversidades en clave de lesiones fortalezcan al equipo blanquillo en el aspecto emocional. No en vano el campe\u00f3n del Mundo de f\u00fatbol y exzaragocista, Jorge Valdano, expres\u00f3 que un equipo es un \u201cestado de \u00e1nimo\u201d, frase que volvi\u00f3 a repetirme en Tiempo Extra, tristemente desaparecido, hace <a class=\"read-more\" href=\"https:\/\/principesdeparis.es\/principes\/el-real-zaragoza-un-estado-de-animo-fortalecido\/\">Sigue leyendo<\/a><\/p>\n","protected":false},"author":3,"featured_media":10369,"comment_status":"open","ping_status":"open","sticky":false,"template":"","format":"standard","meta":{"footnotes":""},"categories":[16,13],"tags":[],"class_list":["post-10368","post","type-post","status-publish","format-standard","has-post-thumbnail","hentry","category-el10","category-publicidad"],"_links":{"self":[{"href":"https:\/\/principesdeparis.es\/principes\/wp-json\/wp\/v2\/posts\/10368","targetHints":{"allow":["GET"]}}],"collection":[{"href":"https:\/\/principesdeparis.es\/principes\/wp-json\/wp\/v2\/posts"}],"about":[{"href":"https:\/\/principesdeparis.es\/principes\/wp-json\/wp\/v2\/types\/post"}],"author":[{"embeddable":true,"href":"https:\/\/principesdeparis.es\/principes\/wp-json\/wp\/v2\/users\/3"}],"replies":[{"embeddable":true,"href":"https:\/\/principesdeparis.es\/principes\/wp-json\/wp\/v2\/comments?post=10368"}],"version-history":[{"count":1,"href":"https:\/\/principesdeparis.es\/principes\/wp-json\/wp\/v2\/posts\/10368\/revisions"}],"predecessor-version":[{"id":10370,"href":"https:\/\/principesdeparis.es\/principes\/wp-json\/wp\/v2\/posts\/10368\/revisions\/10370"}],"wp:featuredmedia":[{"embeddable":true,"href":"https:\/\/principesdeparis.es\/principes\/wp-json\/wp\/v2\/media\/10369"}],"wp:attachment":[{"href":"https:\/\/principesdeparis.es\/principes\/wp-json\/wp\/v2\/media?parent=10368"}],"wp:term":[{"taxonomy":"category","embeddable":true,"href":"https:\/\/principesdeparis.es\/principes\/wp-json\/wp\/v2\/categories?post=10368"},{"taxonomy":"post_tag","embeddable":true,"href":"https:\/\/principesdeparis.es\/principes\/wp-json\/wp\/v2\/tags?post=10368"}],"curies":[{"name":"wp","href":"https:\/\/api.w.org\/{rel}","templated":true}]}}