{"id":10376,"date":"2023-02-10T09:38:27","date_gmt":"2023-02-10T09:38:27","guid":{"rendered":"https:\/\/principesdeparis.es\/principes\/?p=10376"},"modified":"2023-02-10T09:38:27","modified_gmt":"2023-02-10T09:38:27","slug":"escriba-no-renunciamos-a-nada-porque-podemos-ganar-al-alaves","status":"publish","type":"post","link":"https:\/\/principesdeparis.es\/principes\/escriba-no-renunciamos-a-nada-porque-podemos-ganar-al-alaves\/","title":{"rendered":"Escrib\u00e1: \u00abNo renunciamos a nada porque podemos ganar al Alav\u00e9s\u00bb"},"content":{"rendered":"<p><strong>Los lesionados:<\/strong> \u00abLas lesiones son parte del futbol. Nos sabe muy mal la de Mollejo porque ser\u00e1 larga, aunque habl\u00e9 con \u00e9l y est\u00e1 animado. Iv\u00e1n no ten\u00eda buenas sensaciones y se vio que estaba justificado por una rotura una rotura que no es tan importante como la anterior pero que nos priva de \u00e9l. An\u00edmicamente no est\u00e1 mal y volver\u00e1 cuando se encuentre bien de nuevo. Bermejo, aunque le molesta el golpe, estar\u00e1 disponible para ma\u00f1ana\u00bb.<\/p>\n<p><strong>El plan sin delanteros:<\/strong> \u00abLo que faltan son dos delanteros, pero tenemos mucha gente que puede cumplir con esa funci\u00f3n. El concepto del equipo no va a cambiar al margen de la eleccion de jugadores\u00bb.<\/p>\n<p><strong>Puche y Beb\u00e9 como soluciones:<\/strong> \u00abPuche es m\u00e1s delantero que otra cosa y encaja muy bien en ese puesto, aunque rinde bien donde le pongas. Cada vez me gusta m\u00e1s aunque al principio lo utilizara poco y, s\u00ed, es una de las posibles soluciones para ma\u00f1ana. Respecto a Beb\u00e9, ten\u00edamos pocas dudas sobre su adaptaci\u00f3n. Tiene car\u00e1cter, es muy alegre y nadie dir\u00eda que acaba de llegar. Encima debut\u00f3 con un gol, que es lo que esper\u00e1bamos de \u00e9l porque dispone de mucha llegada\u00bb.<\/p>\n<p><strong>Segunda victoria:<\/strong> \u00abSer\u00eda muy importante porque hemos estado cerca pero no le hemos logrado conmigo. Adem\u00e1s por la entidad del rival. Ellos tienen una obligaci\u00f3n mayor. Es un equipo de mucha entidad como demuestra su plantilla y viene de una gran victoria anate el Eibar. Sabemos que nos van a dominar pero no renunciamos nada porque creemos que podemos ganarles\u00bb.<\/p>\n<p><strong>Dos partidos sin goles en la Romareda:<\/strong> \u00abFueron partidos distintos con los mismos resultados. El f\u00fatbol que hicimos ante Mirand\u00e9s y Ponferradina se acerc\u00f3 a las cosas que quer\u00edamos en cuanto a orden y ser un equipo m\u00e1s rocoso. No encajamos goles y generamos m\u00e1s acciones de ataque. No nos gustar\u00eda perder esa producci\u00f3n ofensiva que hemos bajado un poco y queremos mantener lo que hemos ganado en defensa\u00bb.<\/p>\n<p><strong>Por qu\u00e9 cuesta ganar en casa:<\/strong> \u00abNo lo s\u00e9. Me pongo en el lado rival. Cuando vas a un gran estadio disfrutas m\u00e1s y los equipos que vienen les gusta este tipo de escenarios. Los grandes porque saben jugar en esta atm\u00f3sfera y los peque\u00f1os porque se crecen. Sin embargo hay que abstraerse porque todos los campos son iguales en medidas. Se nos han ido escapando puntitos y por eso parece que el rendimiento en casa parezca similar al de fuera\u00bb<\/p>\n<p><strong>Pau Sans en lugar de Naranjo:<\/strong> \u00abLa \u00faltima vez vino Naranjo porque hab\u00eda un jugador en proceso de fiebre que luego se recuper\u00f3 para el partido. En este caso hemos optado por Pau, que es m\u00e1s el\u00e9ctrico y encaja mejor para esta citaci\u00f3n. Va a ir convocado\u00bb<\/p>\n<p><strong>G\u00e1mez mira hacia arriba:<\/strong> \u00abHay semanas que no miro la clasificaci\u00f3n. Veo los resultados, pero ahora me dicen qui\u00e9n esta arriba y abajo y no lo sabr\u00eda decir. Solo pienso en el Alav\u00e9s. S\u00e9 que si ganamos algo subiremos, daremos un salto\u00bb.<\/p>\n<p>&nbsp;<\/p>\n","protected":false},"excerpt":{"rendered":"<p>Los lesionados: \u00abLas lesiones son parte del futbol. Nos sabe muy mal la de Mollejo porque ser\u00e1 larga, aunque habl\u00e9 con \u00e9l y est\u00e1 animado. Iv\u00e1n no ten\u00eda buenas sensaciones y se vio que estaba justificado por una rotura una rotura que no es tan importante como la anterior pero <a class=\"read-more\" href=\"https:\/\/principesdeparis.es\/principes\/escriba-no-renunciamos-a-nada-porque-podemos-ganar-al-alaves\/\">Sigue leyendo<\/a><\/p>\n","protected":false},"author":2,"featured_media":10377,"comment_status":"open","ping_status":"open","sticky":false,"template":"","format":"standard","meta":{"footnotes":""},"categories":[13,1],"tags":[],"class_list":["post-10376","post","type-post","status-publish","format-standard","has-post-thumbnail","hentry","category-publicidad","category-real-zaragoza"],"_links":{"self":[{"href":"https:\/\/principesdeparis.es\/principes\/wp-json\/wp\/v2\/posts\/10376","targetHints":{"allow":["GET"]}}],"collection":[{"href":"https:\/\/principesdeparis.es\/principes\/wp-json\/wp\/v2\/posts"}],"about":[{"href":"https:\/\/principesdeparis.es\/principes\/wp-json\/wp\/v2\/types\/post"}],"author":[{"embeddable":true,"href":"https:\/\/principesdeparis.es\/principes\/wp-json\/wp\/v2\/users\/2"}],"replies":[{"embeddable":true,"href":"https:\/\/principesdeparis.es\/principes\/wp-json\/wp\/v2\/comments?post=10376"}],"version-history":[{"count":1,"href":"https:\/\/principesdeparis.es\/principes\/wp-json\/wp\/v2\/posts\/10376\/revisions"}],"predecessor-version":[{"id":10378,"href":"https:\/\/principesdeparis.es\/principes\/wp-json\/wp\/v2\/posts\/10376\/revisions\/10378"}],"wp:featuredmedia":[{"embeddable":true,"href":"https:\/\/principesdeparis.es\/principes\/wp-json\/wp\/v2\/media\/10377"}],"wp:attachment":[{"href":"https:\/\/principesdeparis.es\/principes\/wp-json\/wp\/v2\/media?parent=10376"}],"wp:term":[{"taxonomy":"category","embeddable":true,"href":"https:\/\/principesdeparis.es\/principes\/wp-json\/wp\/v2\/categories?post=10376"},{"taxonomy":"post_tag","embeddable":true,"href":"https:\/\/principesdeparis.es\/principes\/wp-json\/wp\/v2\/tags?post=10376"}],"curies":[{"name":"wp","href":"https:\/\/api.w.org\/{rel}","templated":true}]}}