{"id":10395,"date":"2023-02-11T14:16:11","date_gmt":"2023-02-11T14:16:11","guid":{"rendered":"https:\/\/principesdeparis.es\/principes\/?p=10395"},"modified":"2023-02-11T14:42:50","modified_gmt":"2023-02-11T14:42:50","slug":"puche-acompana-a-giuliano","status":"publish","type":"post","link":"https:\/\/principesdeparis.es\/principes\/puche-acompana-a-giuliano\/","title":{"rendered":"Puche acompa\u00f1a a Giuliano"},"content":{"rendered":"<p>Como estaba previsto, el compa\u00f1ero de aventuras ofensivas de Giuliano frente al Alav\u00e9s ser\u00e1 Puche. Fran Escrib\u00e1 mantiene as\u00ed la identidad que propuso desde su llegada y sigue apostando por dos delanteros ante las bajas de Az\u00f3n, con una rotura fibrilar, y Mollejo, operado ayer de la fractura de tobillo que sufri\u00f3 en Andorra. Quien no entra en la alineaci\u00f3n es Bermejo, a quien el t\u00e9cnico resguarda en el banquillo despu\u00e9s de haberse recuperado de la dolencia en la cadera que le hizo ser sustituido en la \u00faltima jornada. Vada, en principio, se encargar\u00e1 de cubrir la posici\u00f3n del madrile\u00f1o por la derecha. Adem\u00e1s del atacante de la cantera, las otra novedad en el once para recibir al Glorioso es Beb\u00e9, autor del gol de la victoria en el Principado que debuta desde el principio, mientras que Zapater conserva la confianza del t\u00e9cnico en el doble pivote con Francho, desplazando otra vez a Alarc\u00f3n. En defensa no se mueve nada: Franc\u00e9s y Jair se encargan del eje y G\u00e1mez y Nieto una vez m\u00e1s se ocupan de los laterales.<\/p>\n<p>La alineaci\u00f3n del Alav\u00e9s<\/p>\n<blockquote class=\"twitter-tweet\">\n<p dir=\"ltr\" lang=\"es\">RT Alaves \u00bb \u0301<a href=\"https:\/\/twitter.com\/hashtag\/RealZaragozaAlav%C3%A9s?src=hash&amp;ref_src=twsrc%5Etfw\">#RealZaragozaAlav\u00e9s<\/a> <a href=\"https:\/\/twitter.com\/hashtag\/AltaLaFrente?src=hash&amp;ref_src=twsrc%5Etfw\">#AltaLaFrente<\/a> &#x26aa; <a href=\"https:\/\/t.co\/YtWlHK3Wxi\">pic.twitter.com\/YtWlHK3Wxi<\/a>\u00ab<\/p>\n<p>\u2014 Alavesistas en U.K. (@alavesistas) <a href=\"https:\/\/twitter.com\/alavesistas\/status\/1624412342166355969?ref_src=twsrc%5Etfw\">February 11, 2023<\/a><\/p><\/blockquote>\n<p><script async src=\"https:\/\/platform.twitter.com\/widgets.js\" charset=\"utf-8\"><\/script><\/p>\n<p>&nbsp;<\/p>\n<blockquote class=\"twitter-tweet\">\n<p lang=\"es\" dir=\"ltr\">\u00a1Cada minuto cuenta! &#x1f1f9;&#x1f1f7;&#x1f1f8;&#x1f1fe;<\/p>\n<p>S\u00famate a la iniciativa de <a href=\"https:\/\/twitter.com\/c_emergencia?ref_src=twsrc%5Etfw\">@c_emergencia<\/a> y <a href=\"https:\/\/twitter.com\/LaLiga2?ref_src=twsrc%5Etfw\">@LaLiga2<\/a> para ayudar a las v\u00edctimas de los terremotos.<\/p>\n<p>Entra en <a href=\"https:\/\/t.co\/wGsCh6tbDO\">https:\/\/t.co\/wGsCh6tbDO<\/a> o llama al 900 595 216.<a href=\"https:\/\/twitter.com\/hashtag\/LaLigaConTurqu%C3%ADaSiria?src=hash&amp;ref_src=twsrc%5Etfw\">#LaLigaConTurqu\u00edaSiria<\/a> <a href=\"https:\/\/t.co\/ZF4oJWtuZm\">pic.twitter.com\/ZF4oJWtuZm<\/a><\/p>\n<p>&mdash; Real Zaragoza &#x1f981; (@RealZaragoza) <a href=\"https:\/\/twitter.com\/RealZaragoza\/status\/1624417690298331137?ref_src=twsrc%5Etfw\">February 11, 2023<\/a><\/p><\/blockquote>\n<p> <script async src=\"https:\/\/platform.twitter.com\/widgets.js\" charset=\"utf-8\"><\/script><\/p>\n","protected":false},"excerpt":{"rendered":"<p>Como estaba previsto, el compa\u00f1ero de aventuras ofensivas de Giuliano frente al Alav\u00e9s ser\u00e1 Puche. Fran Escrib\u00e1 mantiene as\u00ed la identidad que propuso desde su llegada y sigue apostando por dos delanteros ante las bajas de Az\u00f3n, con una rotura fibrilar, y Mollejo, operado ayer de la fractura de tobillo <a class=\"read-more\" href=\"https:\/\/principesdeparis.es\/principes\/puche-acompana-a-giuliano\/\">Sigue leyendo<\/a><\/p>\n","protected":false},"author":2,"featured_media":10396,"comment_status":"open","ping_status":"open","sticky":false,"template":"","format":"standard","meta":{"footnotes":""},"categories":[13,1],"tags":[],"class_list":["post-10395","post","type-post","status-publish","format-standard","has-post-thumbnail","hentry","category-publicidad","category-real-zaragoza"],"_links":{"self":[{"href":"https:\/\/principesdeparis.es\/principes\/wp-json\/wp\/v2\/posts\/10395","targetHints":{"allow":["GET"]}}],"collection":[{"href":"https:\/\/principesdeparis.es\/principes\/wp-json\/wp\/v2\/posts"}],"about":[{"href":"https:\/\/principesdeparis.es\/principes\/wp-json\/wp\/v2\/types\/post"}],"author":[{"embeddable":true,"href":"https:\/\/principesdeparis.es\/principes\/wp-json\/wp\/v2\/users\/2"}],"replies":[{"embeddable":true,"href":"https:\/\/principesdeparis.es\/principes\/wp-json\/wp\/v2\/comments?post=10395"}],"version-history":[{"count":6,"href":"https:\/\/principesdeparis.es\/principes\/wp-json\/wp\/v2\/posts\/10395\/revisions"}],"predecessor-version":[{"id":10402,"href":"https:\/\/principesdeparis.es\/principes\/wp-json\/wp\/v2\/posts\/10395\/revisions\/10402"}],"wp:featuredmedia":[{"embeddable":true,"href":"https:\/\/principesdeparis.es\/principes\/wp-json\/wp\/v2\/media\/10396"}],"wp:attachment":[{"href":"https:\/\/principesdeparis.es\/principes\/wp-json\/wp\/v2\/media?parent=10395"}],"wp:term":[{"taxonomy":"category","embeddable":true,"href":"https:\/\/principesdeparis.es\/principes\/wp-json\/wp\/v2\/categories?post=10395"},{"taxonomy":"post_tag","embeddable":true,"href":"https:\/\/principesdeparis.es\/principes\/wp-json\/wp\/v2\/tags?post=10395"}],"curies":[{"name":"wp","href":"https:\/\/api.w.org\/{rel}","templated":true}]}}