{"id":10403,"date":"2023-02-11T18:14:46","date_gmt":"2023-02-11T18:14:46","guid":{"rendered":"https:\/\/principesdeparis.es\/principes\/?p=10403"},"modified":"2023-02-11T18:15:40","modified_gmt":"2023-02-11T18:15:40","slug":"los-mayores-no-ajuntan-al-real-zaragoza","status":"publish","type":"post","link":"https:\/\/principesdeparis.es\/principes\/los-mayores-no-ajuntan-al-real-zaragoza\/","title":{"rendered":"Los mayores no ajuntan al Real Zaragoza"},"content":{"rendered":"<p>&nbsp;<\/p>\n<p style=\"text-align: center;\"><strong>El Alav\u00e9s marca a fuego las diferencias entre un aspirante al ascenso y otro con lo justo para ganar a los modestos con mucho trabajo (1-4)<\/strong><\/p>\n<p>Si hab\u00eda alguna duda sobre cu\u00e1l es el lugar del Real Zaragoza en esta competici\u00f3n, se la despej\u00f3 el Alav\u00e9s con cuatro guantazos a su fr\u00e1gil mand\u00edbula defensiva y un f\u00fatbol pulido para administar todos los momentos de un partido. El conjunto de Luis Garc\u00eda Plaza tard\u00f3 veinte minutos, el tiempo que los locales invirtieron en una avalancha m\u00e1s entusiasta que da\u00f1ina, en establecer una distancia sideral en las facetas individual, colectiva y conceptual. El calendario de primeros de a\u00f1o hab\u00eda puesto de por medio cinco rivales de una medida similar, pero s\u00f3lo se consigui\u00f3 ganar a Villarreal y Andorra a domicilio y en los minutos de alargue, con un par de atascos sin goles en La Romareda contra Mirand\u00e9s y Ponferradina y la derrota en El Molin\u00f3n. La visita del Glorioso era otra cosa. Y lo fue encajando una derrota con todas las de la ley, sin excusas, de esas que apu\u00f1alan la esperanza de los inocentes y delimitan las fronteras entre dos mundos.<\/p>\n<p>El 1-4 responde con exactitud a lo ocurrido en el campo desde el mismo momento que Sylla finaliz\u00f3 de cabeza una falta con toda la maquinar\u00eda anti\u00e1rea del Real Zaragoza contemplando oxidada el paso del bal\u00f3n. La deserci\u00f3n en masa dar\u00eda para un juicio militar y un pared\u00f3n. Justo en lo que se hab\u00eda avanzado, en la conservaci\u00f3n del \u00e1rea y en domesticar los errores, se dio una zancada al abismo por la que los vascos hallaron todo tipo de motivos y facilidades para progresar hacia un triunfo incontestable. El tanto de Beb\u00e9, el segundo consecutivo, adorn\u00f3 la maltratada estanter\u00eda, un gol, el primero del curso de larga distancia que atraves\u00f3 el espacio con una violencia y precisi\u00f3n feroces. Poco despu\u00e9s, el portugu\u00e9s dej\u00f3 el campo lesionado de los gemelos para sumarse al accidente catastr\u00f3fico.<\/p>\n<p>El equipo de Fran Escriba se redujo a un par de detalles de Beb\u00e9 al alba del encuentro, un buen n\u00famero de carreras de Francho y la aparici\u00f3n de Pau Sans, un juvenil de 18 a\u00f1os que en su estreno describi\u00f3 la figura de un futbolista para la primera plantilla. Tuvo un mano a mano que Sivera le adivin\u00f3 por veteran\u00eda y un testarazo con mucha picard\u00eda, colocaci\u00f3n y clase que el portero del Alav\u00e9s y el palo evitaron que se tradujera en gol. Mal d\u00eda para un debut, pero quiz\u00e1s el mejor escenario para presentarse en sociedad no s\u00f3lo con formas, sino tambi\u00e9n con car\u00e1cter. En el tiempo que le entreg\u00f3 Escrib\u00e1 dio m\u00e1s vida al ataque que Puche, el elegido por el t\u00e9cnico para acompa\u00f1ar a un Giuliano tan apasionado como siempre, aunque en esta ocasi\u00f3n enjaulado por centrales de hierro.<\/p>\n<p>El sistema defensivo salt\u00f3 por los aires al comienzo de la segunda parte. Franc\u00e9s y Jair ya hab\u00edan vacilado bastante en las marcas, pero al regresar del descanso se desvanecieron por completo. Sylla hab\u00eda agrietado el coraz\u00f3n del \u00e1rea de Cristian y Toni Moya lo parti\u00f3 por la mitad con el canterano muy tierno para taponar un pase interior y el portugu\u00e9s estamp\u00e1ndose contra G\u00e1mez a la desesperada. El 0-2 y la salida de Villalibre dejaron un reguero de sangre y rendici\u00f3n en el Municipal. El b\u00fafalo hizo el tercero anticipando su llegada salvaje a los centrales y a Cristian y Luis Rioja, despu\u00e9s de que Beb\u00e9 fabricar\u00e1 una joya in\u00fatil para acortar distancias, cogi\u00f3 distra\u00eddo al portero argentino en su palo y a Franc\u00e9s y Jair con todos los tornillos aflojados.<\/p>\n<p>Los mayores, los equipos que poseen argumentos y futbolistas para pelear por subir a Primera, no ajuntan a este Real Zaragoza, que tiene lo justo para ganar de vez en cuando en el recreo a los modestos de su misma altura y no sin sufrir. Resta por delante una cordillera de conjuntos imposibles y un peque\u00f1o valle de otros frente a los que habr\u00e1 que conseguir la permanencia m\u00e1s apacible posible en la nada gloriosa und\u00e9cima temporada en Segunda.<\/p>\n<p style=\"font-weight: 400;\"><strong>Real Zaragoza<\/strong>: Cristian, Fran G\u00e1mez (Larra, 68\u00b4), Franc\u00e9s, Jair, Nieto, Zapater (Alarc\u00f3n, 58\u00b4), Francho, Vada (Bermejo, 58\u00b4), Beb\u00e9 (Eugeni, 87\u00b4), Puche (Pau, 68\u00b4\u00b4) y Giuliano.<\/p>\n<p style=\"font-weight: 400;\"><strong>Alav\u00e9s<\/strong>: Sivera, Arroyo, Abqar (Laguardia, 72\u00b4), Sedlar, Duarte, Moya (Benavidez, 72\u00b4), Blanco, Jason (Alkain, 72\u00b4), Rioja, Rober (Javi L\u00f3pez, 84\u00b4) y Sylla (Villalibre, 62\u00b4).<\/p>\n<p style=\"font-weight: 400;\"><strong>Goles<\/strong>: 0-1;\u00a0<b><strong>Sylla\u00a0<\/strong><\/b>(min. 20), 0-2;\u00a0<b><strong>Moya\u00a0<\/strong><\/b>(min. 53), 0-3;\u00a0<b><strong>Villalibre\u00a0<\/strong><\/b>(min. 68), 1-3;\u00a0<b><strong>Beb\u00e9\u00a0<\/strong><\/b>(min. 79), 1-4;\u00a0<b><strong>Rioja\u00a0<\/strong><\/b>(min. 90).<\/p>\n<p style=\"font-weight: 400;\"><strong>\u00c1rbitro:<\/strong> Caparr\u00f3s Hern\u00e1ndez. Amonest\u00f3 a Franc\u00e9s (min. 46), a Nieto (min. 55), a Giuliano (min. 72) por parte del Real Zaragoza; y a Abqar (min. 17), a Sivera (min. 64), a Duarte (min. 89) por parte del Alav\u00e9s.<\/p>\n","protected":false},"excerpt":{"rendered":"<p>&nbsp; El Alav\u00e9s marca a fuego las diferencias entre un aspirante al ascenso y otro con lo justo para ganar a los modestos con mucho trabajo (1-4) Si hab\u00eda alguna duda sobre cu\u00e1l es el lugar del Real Zaragoza en esta competici\u00f3n, se la despej\u00f3 el Alav\u00e9s con cuatro guantazos <a class=\"read-more\" href=\"https:\/\/principesdeparis.es\/principes\/los-mayores-no-ajuntan-al-real-zaragoza\/\">Sigue leyendo<\/a><\/p>\n","protected":false},"author":2,"featured_media":10404,"comment_status":"open","ping_status":"open","sticky":false,"template":"","format":"standard","meta":{"footnotes":""},"categories":[13,1],"tags":[],"class_list":["post-10403","post","type-post","status-publish","format-standard","has-post-thumbnail","hentry","category-publicidad","category-real-zaragoza"],"_links":{"self":[{"href":"https:\/\/principesdeparis.es\/principes\/wp-json\/wp\/v2\/posts\/10403","targetHints":{"allow":["GET"]}}],"collection":[{"href":"https:\/\/principesdeparis.es\/principes\/wp-json\/wp\/v2\/posts"}],"about":[{"href":"https:\/\/principesdeparis.es\/principes\/wp-json\/wp\/v2\/types\/post"}],"author":[{"embeddable":true,"href":"https:\/\/principesdeparis.es\/principes\/wp-json\/wp\/v2\/users\/2"}],"replies":[{"embeddable":true,"href":"https:\/\/principesdeparis.es\/principes\/wp-json\/wp\/v2\/comments?post=10403"}],"version-history":[{"count":2,"href":"https:\/\/principesdeparis.es\/principes\/wp-json\/wp\/v2\/posts\/10403\/revisions"}],"predecessor-version":[{"id":10406,"href":"https:\/\/principesdeparis.es\/principes\/wp-json\/wp\/v2\/posts\/10403\/revisions\/10406"}],"wp:featuredmedia":[{"embeddable":true,"href":"https:\/\/principesdeparis.es\/principes\/wp-json\/wp\/v2\/media\/10404"}],"wp:attachment":[{"href":"https:\/\/principesdeparis.es\/principes\/wp-json\/wp\/v2\/media?parent=10403"}],"wp:term":[{"taxonomy":"category","embeddable":true,"href":"https:\/\/principesdeparis.es\/principes\/wp-json\/wp\/v2\/categories?post=10403"},{"taxonomy":"post_tag","embeddable":true,"href":"https:\/\/principesdeparis.es\/principes\/wp-json\/wp\/v2\/tags?post=10403"}],"curies":[{"name":"wp","href":"https:\/\/api.w.org\/{rel}","templated":true}]}}