{"id":10407,"date":"2023-02-11T19:10:20","date_gmt":"2023-02-11T19:10:20","guid":{"rendered":"https:\/\/principesdeparis.es\/principes\/?p=10407"},"modified":"2023-02-11T19:10:20","modified_gmt":"2023-02-11T19:10:20","slug":"el-uno-a-uno-del-real-zaragoza-alaves","status":"publish","type":"post","link":"https:\/\/principesdeparis.es\/principes\/el-uno-a-uno-del-real-zaragoza-alaves\/","title":{"rendered":"El uno a uno del Real Zaragoza-Alav\u00e9s"},"content":{"rendered":"<p><strong>Las puntuaciones se realizan de 0 a 10<\/strong><\/p>\n<p><strong>SC (sin calificar)<\/strong><\/p>\n<p><strong>Cristian 1<\/strong><br \/>\n<strong>Sorprendido<\/strong><br \/>\nLe fusilaron en los dos primeros goles, pero en los siguientes, aun desasistido de los centrales, midi\u00f3 mal primero la salida en el cabezazo de Villalibre y despu\u00e9s tap\u00f3 peor su palo en el tanto de Luis Rioja.<\/p>\n<p><strong>G\u00e1mez 1<\/strong><br \/>\n<strong>Superado<\/strong><br \/>\nLuis Rioja le retrat\u00f3 en varias ocasiones, no pudo aplicarse lo m\u00e1s m\u00ednimo por su carril y acab\u00f3 sin pena ni gloria relevado por Larrazabal.<\/p>\n<p><strong>Franc\u00e9s 0<\/strong><br \/>\n<strong>Blando<\/strong><br \/>\nEl canterano sufri\u00f3 un v\u00eda crucis primero ante Sylla y despu\u00e9s con Villalibre. Desconectado por completo, todo lo que le lleg\u00f3 no supo c\u00f3mo afrontarlo, alejado a a\u00f1os luz de un defensa concentrado.<\/p>\n<p><strong>Jair 0<\/strong><br \/>\n<strong>Abrumado<\/strong><br \/>\nAl igual que Franc\u00e9s, el portugu\u00e9s no supo contrarrestar de la variedad ofensiva del Alav\u00e9s y acab\u00f3 con los brazos ca\u00eddos en una de las peores actuaciones que se le recuerdan.<\/p>\n<p><strong>Nieto 1<\/strong><br \/>\n<strong>Oculto<\/strong><br \/>\nEl lateral se qued\u00f3 anclado atr\u00e1s, sin soluciones ofensivas y poco cr\u00e9dito defensivo, muy afectado por todo lo que suced\u00eda en el \u00e1rea zaragocista.<\/p>\n<p><strong>Zapater 2<\/strong><br \/>\n<strong>Sobrepasado<\/strong><br \/>\nDe nuevo por delante de Alarc\u00f3n, el capit\u00e1n s\u00f3lo apareci\u00f3 en la primera media hora para diluirse por el ritmo y la velocidad impuestos por el centro del campo de los vascos.<\/p>\n<p><strong>Francho 3<\/strong><br \/>\n<strong>Turbado<\/strong><br \/>\nMuy activo en el inicio del encuentro, el conjunto de Garc\u00eda Plaza lo desactiv\u00f3 y pese a su constante entrega epans tuvo peso en una transici\u00f3n en ca\u00edda libre.<\/p>\n<p><strong>Vada 1<\/strong><br \/>\n<strong>Trivial<\/strong><br \/>\nSituado a la derecha en lugar de Bermejo, el argentino apenas intervino en el juego, muy alejado de las zonas importantes y desenchufado con la pelota.<\/p>\n<p><strong>Beb\u00e9 5<\/strong><br \/>\n<strong>Goleador<\/strong><br \/>\nUn disparo potente, un regate y una carrera de pierna larga anunciaron mucho m\u00e1s de lo que luego dio dio de s\u00ed. Eso s\u00ed, marc\u00f3 un gol para la posteridad.<\/p>\n<p><strong>Puche 2<\/strong><br \/>\n<strong>C\u00e1ndido<\/strong><br \/>\nElegido para liderar el ataque del Real Zaragoza junto a Giuliano, el zaragozano jam\u00e1s hall\u00f3 un espacio por donde filtrarse ni aport\u00f3 nada importante en la presi\u00f3n.<\/p>\n<p><strong>Giuliano 4<\/strong><br \/>\n<strong>Enjaulado<\/strong><br \/>\nLos centrales del Alav\u00e9s le fijaron muy pronto con marcajes pr\u00f3ximo y entradas con anticipaci\u00f3n y dureza. Como siempre no cej\u00f3 en la lucha, esta vez infructuosa.<\/p>\n<p>Tambi\u00e9n jugaron<\/p>\n<p>Bermejo 1<\/p>\n<p>Larrazabal 1<\/p>\n<p>Alarc\u00f3n 1<\/p>\n<p>Pau Sans 5<\/p>\n<p>Eugeni s.c.<\/p>\n","protected":false},"excerpt":{"rendered":"<p>Las puntuaciones se realizan de 0 a 10 SC (sin calificar) Cristian 1 Sorprendido Le fusilaron en los dos primeros goles, pero en los siguientes, aun desasistido de los centrales, midi\u00f3 mal primero la salida en el cabezazo de Villalibre y despu\u00e9s tap\u00f3 peor su palo en el tanto de <a class=\"read-more\" href=\"https:\/\/principesdeparis.es\/principes\/el-uno-a-uno-del-real-zaragoza-alaves\/\">Sigue leyendo<\/a><\/p>\n","protected":false},"author":2,"featured_media":10409,"comment_status":"open","ping_status":"open","sticky":false,"template":"","format":"standard","meta":{"footnotes":""},"categories":[1],"tags":[],"class_list":["post-10407","post","type-post","status-publish","format-standard","has-post-thumbnail","hentry","category-real-zaragoza"],"_links":{"self":[{"href":"https:\/\/principesdeparis.es\/principes\/wp-json\/wp\/v2\/posts\/10407","targetHints":{"allow":["GET"]}}],"collection":[{"href":"https:\/\/principesdeparis.es\/principes\/wp-json\/wp\/v2\/posts"}],"about":[{"href":"https:\/\/principesdeparis.es\/principes\/wp-json\/wp\/v2\/types\/post"}],"author":[{"embeddable":true,"href":"https:\/\/principesdeparis.es\/principes\/wp-json\/wp\/v2\/users\/2"}],"replies":[{"embeddable":true,"href":"https:\/\/principesdeparis.es\/principes\/wp-json\/wp\/v2\/comments?post=10407"}],"version-history":[{"count":2,"href":"https:\/\/principesdeparis.es\/principes\/wp-json\/wp\/v2\/posts\/10407\/revisions"}],"predecessor-version":[{"id":10410,"href":"https:\/\/principesdeparis.es\/principes\/wp-json\/wp\/v2\/posts\/10407\/revisions\/10410"}],"wp:featuredmedia":[{"embeddable":true,"href":"https:\/\/principesdeparis.es\/principes\/wp-json\/wp\/v2\/media\/10409"}],"wp:attachment":[{"href":"https:\/\/principesdeparis.es\/principes\/wp-json\/wp\/v2\/media?parent=10407"}],"wp:term":[{"taxonomy":"category","embeddable":true,"href":"https:\/\/principesdeparis.es\/principes\/wp-json\/wp\/v2\/categories?post=10407"},{"taxonomy":"post_tag","embeddable":true,"href":"https:\/\/principesdeparis.es\/principes\/wp-json\/wp\/v2\/tags?post=10407"}],"curies":[{"name":"wp","href":"https:\/\/api.w.org\/{rel}","templated":true}]}}