{"id":10411,"date":"2023-02-11T20:06:16","date_gmt":"2023-02-11T20:06:16","guid":{"rendered":"https:\/\/principesdeparis.es\/principes\/?p=10411"},"modified":"2023-02-11T20:06:16","modified_gmt":"2023-02-11T20:06:16","slug":"el-electrico-viene-con-luz","status":"publish","type":"post","link":"https:\/\/principesdeparis.es\/principes\/el-electrico-viene-con-luz\/","title":{"rendered":"El &#8216;el\u00e9ctrico&#8217; viene con luz"},"content":{"rendered":"<p style=\"text-align: center;\"><strong>Pau Sans salta del juvenil a competir con el primer equipo y en el tiempo que le concede Escrib\u00e1 deja detalles de delantero para la primera plantilla por delante de Gueye y Puche<\/strong><\/p>\n<p>Con 18 a\u00f1os y frente a las necesidades ofensivas del equipo por las bajas de Mollejo y Az\u00f3n, Fran Escrib\u00e1 prefiri\u00f3 en esta ocasi\u00f3n antes a Pau Sans que a Guillem Naranjo, quien hab\u00eda sido citado en tres ocasiones sin llegar a participar. El entrenador justific\u00f3 su apuesta en la convocatoria por el juvenil en funci\u00f3n de lo que consideraba que solicitaba este encuentro, seg\u00fan el t\u00e9cnico alguien m\u00e1s \u00abel\u00e9ctrico\u00bb. En 22 minutos y un poco m\u00e1s, el chico, que relev\u00f3 a Puche, afront\u00f3 un escenario terrible, desolador. Un 0-3 que animaba m\u00e1s bien poco pese a la ilusi\u00f3n de un debut rel\u00e1mpago.<\/p>\n<p>No pudo intervenir mucho, pero cuando se person\u00f3 en el lugar de los hechos, lo hizo para dejar huella. La afici\u00f3n s\u00f3lo estaba ya para fijarse en \u00e9l, para cicatrizar lo m\u00ednimo la herida del hiriente resultado, con la expectaci\u00f3n de ver a uno de la casa mientras el equipo se desmadejaba sobre el campo. Sans pudo marcar en dos ocasiones. Primero se ret\u00f3 en un duelo al sol con Sivera, que le neg\u00f3 el gol por experiencia. No estaba mal para empezar y se le perdon\u00f3 que no acertara con la porter\u00eda. Pero en un buen centro de Bermejo se adivin\u00f3 un delantero con las costuras muy bien cosidas. Gan\u00f3 la posici\u00f3n con inteligencia y cabece\u00f3 con decisi\u00f3n de ariete consumado, al rinc\u00f3n imposible en apariencia. Pero Sivera y el palo le impidieron un estreno redondo en lo personal.<\/p>\n<p>Parece descarado, con personalidad&#8230; Escrib\u00e1 lo prefiri\u00f3 antes que a Naranjo, pero no s\u00f3lo eso: tambi\u00e9n le hizo que entrara al encuentro por delante de Gueye, la estrella en n\u00f3mina del Real Zaragoza, un aut\u00e9ntico fiasco que la multipropiedad mantiene a duras penas. Esa decisi\u00f3n deja al senegal\u00e9s a medio camino de ninguna parte, aunque blindado por un contrato en el que deben figurar cl\u00e1usulas infames como la que cada fin de semana le permita entrar en el grupo de los elegidos. Habr\u00eda que ver m\u00e1s a Pau Sans, pero si es capaz de lucir como ante el Alav\u00e9s tambi\u00e9n podr\u00eda adelantar a Puche, un jugador con toda la luz del mundo en su coraz\u00f3n y alguna bendici\u00f3n de la grada pero con muchas sombras como para considerarle\u00a0 alguna vez titular.<\/p>\n","protected":false},"excerpt":{"rendered":"<p>Pau Sans salta del juvenil a competir con el primer equipo y en el tiempo que le concede Escrib\u00e1 deja detalles de delantero para la primera plantilla por delante de Gueye y Puche Con 18 a\u00f1os y frente a las necesidades ofensivas del equipo por las bajas de Mollejo y <a class=\"read-more\" href=\"https:\/\/principesdeparis.es\/principes\/el-electrico-viene-con-luz\/\">Sigue leyendo<\/a><\/p>\n","protected":false},"author":2,"featured_media":10412,"comment_status":"open","ping_status":"open","sticky":false,"template":"","format":"standard","meta":{"footnotes":""},"categories":[13,1],"tags":[],"class_list":["post-10411","post","type-post","status-publish","format-standard","has-post-thumbnail","hentry","category-publicidad","category-real-zaragoza"],"_links":{"self":[{"href":"https:\/\/principesdeparis.es\/principes\/wp-json\/wp\/v2\/posts\/10411","targetHints":{"allow":["GET"]}}],"collection":[{"href":"https:\/\/principesdeparis.es\/principes\/wp-json\/wp\/v2\/posts"}],"about":[{"href":"https:\/\/principesdeparis.es\/principes\/wp-json\/wp\/v2\/types\/post"}],"author":[{"embeddable":true,"href":"https:\/\/principesdeparis.es\/principes\/wp-json\/wp\/v2\/users\/2"}],"replies":[{"embeddable":true,"href":"https:\/\/principesdeparis.es\/principes\/wp-json\/wp\/v2\/comments?post=10411"}],"version-history":[{"count":1,"href":"https:\/\/principesdeparis.es\/principes\/wp-json\/wp\/v2\/posts\/10411\/revisions"}],"predecessor-version":[{"id":10413,"href":"https:\/\/principesdeparis.es\/principes\/wp-json\/wp\/v2\/posts\/10411\/revisions\/10413"}],"wp:featuredmedia":[{"embeddable":true,"href":"https:\/\/principesdeparis.es\/principes\/wp-json\/wp\/v2\/media\/10412"}],"wp:attachment":[{"href":"https:\/\/principesdeparis.es\/principes\/wp-json\/wp\/v2\/media?parent=10411"}],"wp:term":[{"taxonomy":"category","embeddable":true,"href":"https:\/\/principesdeparis.es\/principes\/wp-json\/wp\/v2\/categories?post=10411"},{"taxonomy":"post_tag","embeddable":true,"href":"https:\/\/principesdeparis.es\/principes\/wp-json\/wp\/v2\/tags?post=10411"}],"curies":[{"name":"wp","href":"https:\/\/api.w.org\/{rel}","templated":true}]}}