{"id":10414,"date":"2023-02-13T10:43:27","date_gmt":"2023-02-13T10:43:27","guid":{"rendered":"https:\/\/principesdeparis.es\/principes\/?p=10414"},"modified":"2023-02-13T10:43:27","modified_gmt":"2023-02-13T10:43:27","slug":"saturno-en-la-ciudad-deportiva","status":"publish","type":"post","link":"https:\/\/principesdeparis.es\/principes\/saturno-en-la-ciudad-deportiva\/","title":{"rendered":"Saturno en la Ciudad Deportiva"},"content":{"rendered":"<p>El atractivo debut de Pau Sans, junto al fascinante gol de Beb\u00e9, no sirvieron de consuelo a la zurra recibida por el Alav\u00e9s, pero pusieron un par de gramos de az\u00facar en el amargo paladar de la aplastante derrota. Luego ocurri\u00f3 lo de siempre en los \u00faltimos diez a\u00f1os cuando un chico de la cantera alumbra este t\u00fanel infinito aunque sea por unos minutos: se liber\u00f3 la dulce tentaci\u00f3n de subirle varios pelda\u00f1os en la escalera de las promesas y los elogios de terceros ensalzaron su breve biograf\u00eda y sembraron de coquetas semillas su futuro. No es la primera vez que se intuye una joya en el cenagal, necesitada la afici\u00f3n y la prensa de hallar una motivo con el que ilusionar sus corazones y sus espacios informativos. En una d\u00e9cada impura, los diferentes propietarios del Real Zaragoza han acudido a la Ciudad Deportiva para dilatar su estancia en el club con estupendos futbolistas y otros buenos jugadores que, siendo protagonistas en la mayor\u00eda de los casos, han ayudado a evitar la ruina econ\u00f3mica y deportiva de la instituci\u00f3n. Algunos han dado un t\u00edmido salto a Primera, pero casi todos permanecen, que no es poco, en el profesionalismo de Segunda, por debajo de la frontera con la \u00e9lite.<\/p>\n<p>La multipropiedad que preside Jorge Mas dobl\u00f3 su apuesta por la academia, situ\u00e1ndola como uno de los principales motores de su proyecto de ascenso a corto, medio o largo plazo, algo que est\u00e1 por descubrir mientras dedican tanta o m\u00e1s atenci\u00f3n a la nueva Romareda como al equipo. Az\u00f3n, Francho y Puche se unieron a Franc\u00e9s como integrantes por derecho de la primera plantilla, una decisi\u00f3n que hac\u00eda justicia con los canteranos, pero que, sin duda, encubr\u00eda una maniobra efectista para contentar a la hinchada y prefabricar un recibimiento amable. Con el tiempo se ha confirmado lo que ya se sab\u00eda de las dos \u00faltimas temporadas: en Franc\u00e9s, Francho y Az\u00f3n hab\u00eda material para trabajar con tiempo y paciencia en su proyecci\u00f3n, curtidos los tres como actores principales en un par de guerras del fin del mundo. Fueron trascendentales en las salvaciones con JIM, brillando el central con particular relevancia, pero entregarles la capitan\u00eda de un ej\u00e9rcito cualificado para ascender supone una desmesura.<\/p>\n<p>En su tercera experiencia, Francho ha sufrido para hacerse un hueco titular, Az\u00f3n ha sido v\u00edctima de las lesiones y Franc\u00e9s ha sufrido un desvanecimiento considerable. Y el Real Zaragoza, con menos angustias aunque sin respirar a\u00fan tranquilo, repite entre los aspirantes a la permanencia con el consiguiente y brutal desgaste que entra\u00f1a para estos j\u00f3venes que van creciendo y sumando cicatrices entre campos de minas. Su heroicidad se ha gestado en un contexto concreto y, como en el caso de un Pau Sans a\u00fan por descubrir en zona de guerra, recibieron su cuota de alabanzas y llamaron la atenci\u00f3n del exterior sin que nada se haya concretado. Hoy en d\u00eda, Francho es un centrocampista con una gran capacidad para estar en todas partes y un halo de cierta ternura a partir de la l\u00ednea de tres cuartos; Franc\u00e9s sigue perteneciendo a la raza de defensas con car\u00e1cter e inteligencia sin que le sobre f\u00edsico para algunos duelos, y a Az\u00f3n, un ariete que tiene un ratio cercano a la docena de goles si pudiese participar con continuidad, se le intuye todav\u00eda un periodo de aprendizaje.<\/p>\n<p>El verano se va acercando y con \u00e9l la ventana de la verdad, a trav\u00e9s de la que Juan Carlos Cordero deber\u00e1 plasmar cu\u00e1l es el aut\u00e9ntico inter\u00e9s del fondo de inversi\u00f3n por subir lo antes posible. Desde luego no ser\u00e1 delegando de nuevo la responsabilidad y la cruz en unos alumnos aventajados, sino asumiendo una renovaci\u00f3n a fondo del vestuario con los que saldr\u00e1n por cumplimiento de contrato y por un buen pu\u00f1ado de fichajes de nivel para competir cara a cara con los mejores. Para esa empresa ambiciosa no interesa la mayor\u00eda de los futbolistas que ahora componen una plantilla de segunda ni dejar que Saturno siga devorando a sus hijos en una Ciudad Deportiva de la que ha brotado Pau Sans para seguir, si no se remedia, siendo otra perla que se consume en la mediocridad.<\/p>\n","protected":false},"excerpt":{"rendered":"<p>El atractivo debut de Pau Sans, junto al fascinante gol de Beb\u00e9, no sirvieron de consuelo a la zurra recibida por el Alav\u00e9s, pero pusieron un par de gramos de az\u00facar en el amargo paladar de la aplastante derrota. Luego ocurri\u00f3 lo de siempre en los \u00faltimos diez a\u00f1os cuando <a class=\"read-more\" href=\"https:\/\/principesdeparis.es\/principes\/saturno-en-la-ciudad-deportiva\/\">Sigue leyendo<\/a><\/p>\n","protected":false},"author":2,"featured_media":10415,"comment_status":"open","ping_status":"open","sticky":false,"template":"","format":"standard","meta":{"footnotes":""},"categories":[13,1],"tags":[],"class_list":["post-10414","post","type-post","status-publish","format-standard","has-post-thumbnail","hentry","category-publicidad","category-real-zaragoza"],"_links":{"self":[{"href":"https:\/\/principesdeparis.es\/principes\/wp-json\/wp\/v2\/posts\/10414","targetHints":{"allow":["GET"]}}],"collection":[{"href":"https:\/\/principesdeparis.es\/principes\/wp-json\/wp\/v2\/posts"}],"about":[{"href":"https:\/\/principesdeparis.es\/principes\/wp-json\/wp\/v2\/types\/post"}],"author":[{"embeddable":true,"href":"https:\/\/principesdeparis.es\/principes\/wp-json\/wp\/v2\/users\/2"}],"replies":[{"embeddable":true,"href":"https:\/\/principesdeparis.es\/principes\/wp-json\/wp\/v2\/comments?post=10414"}],"version-history":[{"count":1,"href":"https:\/\/principesdeparis.es\/principes\/wp-json\/wp\/v2\/posts\/10414\/revisions"}],"predecessor-version":[{"id":10416,"href":"https:\/\/principesdeparis.es\/principes\/wp-json\/wp\/v2\/posts\/10414\/revisions\/10416"}],"wp:featuredmedia":[{"embeddable":true,"href":"https:\/\/principesdeparis.es\/principes\/wp-json\/wp\/v2\/media\/10415"}],"wp:attachment":[{"href":"https:\/\/principesdeparis.es\/principes\/wp-json\/wp\/v2\/media?parent=10414"}],"wp:term":[{"taxonomy":"category","embeddable":true,"href":"https:\/\/principesdeparis.es\/principes\/wp-json\/wp\/v2\/categories?post=10414"},{"taxonomy":"post_tag","embeddable":true,"href":"https:\/\/principesdeparis.es\/principes\/wp-json\/wp\/v2\/tags?post=10414"}],"curies":[{"name":"wp","href":"https:\/\/api.w.org\/{rel}","templated":true}]}}