{"id":10425,"date":"2023-02-16T14:34:29","date_gmt":"2023-02-16T14:34:29","guid":{"rendered":"https:\/\/principesdeparis.es\/principes\/?p=10425"},"modified":"2023-02-16T14:34:29","modified_gmt":"2023-02-16T14:34:29","slug":"heroes-y-villanos-para-distraer-al-publico","status":"publish","type":"post","link":"https:\/\/principesdeparis.es\/principes\/heroes-y-villanos-para-distraer-al-publico\/","title":{"rendered":"H\u00e9roes y villanos para distraer al p\u00fablico"},"content":{"rendered":"<p>Tenemos la tendencia de buscar h\u00e9roes y culpables para justificar la ca\u00edda de nuestros proyectos. Generalmente no somos nosotros los responsables y hasta llegamos a creer que el mundo se ha confabulado para evitar nuestro \u00e9xito o precipitar nuestro fracaso. En el f\u00fatbol mucho m\u00e1s, con mensajes de un entrenador a su director general, a un futbolista descarriado, a la afici\u00f3n que suma con su apoyo al equipo en el campo o a los medios de comunicaci\u00f3n que son demasiado cr\u00edticos. En otros tiempos el Real Zaragoza tambi\u00e9n padec\u00eda estos supuestos males para expresar la gesti\u00f3n a la baja de un club o la calidad de su plantilla. Pero ha quedado demostrado que con 20.500 espectadores en la Romareda (yo creo que incluso m\u00e1s, en alg\u00fan partido) los responsables del conjunto aragon\u00e9s no se pueden quejar. Incluso en la mayor\u00eda de los casos el apoyo ha sido extraordinario. Los medios de comunicaci\u00f3n forman parte de la SAD en los denominados de \u00abreferencia\u00bb y se les ha quitado protagonismo o han desaparecido de all\u00ed los veteranos independientes y con peso en el zaragocismo. Ahora solo quedan los \u00abrecados\u00bb de Escrib\u00e1 a Sanlleh\u00ed, cada vez menos hablador, y las apuestas necesarias para hacer brillar antes de tiempo a jugadores muy j\u00f3venes de la cantera que han ayudado mucho a que el Real Zaragoza no descendiera. Pero que pueden explotar por estr\u00e9s o exceso de presi\u00f3n como es el caso de Pau Sans. Se destaca ahora, por el contrario, que Jair Amador no colabora con el club en su renovaci\u00f3n. Se crean h\u00e9roes y villanos para distraer al p\u00fablico del fracaso.<\/p>\n","protected":false},"excerpt":{"rendered":"<p>Tenemos la tendencia de buscar h\u00e9roes y culpables para justificar la ca\u00edda de nuestros proyectos. Generalmente no somos nosotros los responsables y hasta llegamos a creer que el mundo se ha confabulado para evitar nuestro \u00e9xito o precipitar nuestro fracaso. En el f\u00fatbol mucho m\u00e1s, con mensajes de un entrenador <a class=\"read-more\" href=\"https:\/\/principesdeparis.es\/principes\/heroes-y-villanos-para-distraer-al-publico\/\">Sigue leyendo<\/a><\/p>\n","protected":false},"author":3,"featured_media":10369,"comment_status":"open","ping_status":"open","sticky":false,"template":"","format":"standard","meta":{"footnotes":""},"categories":[16,13],"tags":[],"class_list":["post-10425","post","type-post","status-publish","format-standard","has-post-thumbnail","hentry","category-el10","category-publicidad"],"_links":{"self":[{"href":"https:\/\/principesdeparis.es\/principes\/wp-json\/wp\/v2\/posts\/10425","targetHints":{"allow":["GET"]}}],"collection":[{"href":"https:\/\/principesdeparis.es\/principes\/wp-json\/wp\/v2\/posts"}],"about":[{"href":"https:\/\/principesdeparis.es\/principes\/wp-json\/wp\/v2\/types\/post"}],"author":[{"embeddable":true,"href":"https:\/\/principesdeparis.es\/principes\/wp-json\/wp\/v2\/users\/3"}],"replies":[{"embeddable":true,"href":"https:\/\/principesdeparis.es\/principes\/wp-json\/wp\/v2\/comments?post=10425"}],"version-history":[{"count":1,"href":"https:\/\/principesdeparis.es\/principes\/wp-json\/wp\/v2\/posts\/10425\/revisions"}],"predecessor-version":[{"id":10426,"href":"https:\/\/principesdeparis.es\/principes\/wp-json\/wp\/v2\/posts\/10425\/revisions\/10426"}],"wp:featuredmedia":[{"embeddable":true,"href":"https:\/\/principesdeparis.es\/principes\/wp-json\/wp\/v2\/media\/10369"}],"wp:attachment":[{"href":"https:\/\/principesdeparis.es\/principes\/wp-json\/wp\/v2\/media?parent=10425"}],"wp:term":[{"taxonomy":"category","embeddable":true,"href":"https:\/\/principesdeparis.es\/principes\/wp-json\/wp\/v2\/categories?post=10425"},{"taxonomy":"post_tag","embeddable":true,"href":"https:\/\/principesdeparis.es\/principes\/wp-json\/wp\/v2\/tags?post=10425"}],"curies":[{"name":"wp","href":"https:\/\/api.w.org\/{rel}","templated":true}]}}