{"id":10443,"date":"2023-02-20T18:52:24","date_gmt":"2023-02-20T18:52:24","guid":{"rendered":"https:\/\/principesdeparis.es\/principes\/?p=10443"},"modified":"2023-02-20T19:23:18","modified_gmt":"2023-02-20T19:23:18","slug":"escriba-juega-con-un-solo-delantero-e-introduce-cuatro-cambios","status":"publish","type":"post","link":"https:\/\/principesdeparis.es\/principes\/escriba-juega-con-un-solo-delantero-e-introduce-cuatro-cambios\/","title":{"rendered":"Escrib\u00e1 juega con un solo delantero  e introduce cuatro cambios"},"content":{"rendered":"<p>Ni Puche ni Pau Sans. Fran Escrib\u00e1, por primera vez esta temporada, cambia de sistema y apuesta por un solo delantero, Giuliano, con Vada de enganche por detr\u00e1s del punta argentino. El t\u00e9cnico, como hab\u00eda avisado, retoca la defensa en el eje, donde Llu\u00eds L\u00f3pez releva a Franc\u00e9s, y en el lateral derecho, con Larrazabal en lugar de Fran G\u00e1mez. En el centro del campo regresan Alarc\u00f3n, quien desplaza a Zapater, y Bermejo, que vuelve a una alineaci\u00f3n con cuatro cambios en relaci\u00f3n\u00a0 a la goleada encajada contra el Alav\u00e9s. El t\u00e9cnico hab\u00eda utilizado desde su debut en Copa contra el Diocesano un 1-4-4-2 que aparca de momento en funci\u00f3n de las bajas y de la poca fiabilidad de Puche como acompa\u00f1ante de Simeone y la nula de Gueye, de nuevo adorno en el banquillo del conjunto aragon\u00e9s. El senegal\u00e9s, Az\u00f3n, Mollejo, ahora en la enfermer\u00eda, y el propio Puche hab\u00edan completado la dupla habitual de ataque casi siempre en compa\u00f1\u00eda de Giuliano. En esta ocasi\u00f3n puebla la medular en una configuraci\u00f3n m\u00e1s propia de la era Carcedo.<\/p>\n<p>El estreno de Pau Sans y los elogios del entrenador hacia su figura hab\u00edan despertado la expectaci\u00f3n sobre la posibilidad de que el juvenil estuviera en la alineaci\u00f3n, pero tendr\u00e1 que esperar para verse entre los elegidos con la opci\u00f3n m\u00e1s que factible de que vuelva a tener minutos en La Rosaleda. El castigo por la \u00faltima derrota se ha centrado en la retaguardia, l\u00ednea maltratada en la pasada jornada. El mal momento de Franc\u00e9s y la irregularidad de G\u00e1mez han tenido consecuencias con un nuevo experimento de Larrazabal en el lateral, experiencia que no suele dar buenos resultados, y un descanso para el central de la cantera para que Llu\u00eds L\u00f3pez se re\u00fana con Jair, quien tampoco estuvo especialmente inspirado ante los vitorianos. Zapater, casi intocable para Escrib\u00e1, deja su puesto a Alarc\u00f3n, quien hab\u00eda perdido la confianza del t\u00e9cnico pese a ser uno de los refuerzos de la ventana de invierno.<\/p>\n<p>El partido echa humo. El M\u00e1laga no puede permitirse ni el empate y el Real Zaragoza podr\u00eda meterse en un oscuro callej\u00f3n en el caso de perder porque se han quedado, de momento, a cuatro puntos de los puestos de descenso. Los andaluces, abonados a las derrotas por la m\u00ednima, salen a la desesperada, aspecto que parece haber tenido en cuenta Escrib\u00e1 para plantear un encuentro m\u00e1s pausado y de control a la espera de que afecte al sensible estado nervioso de su rival. El Real Zaragoza necesita conseguir un gol pero sobre todo no verse por detr\u00e1s en el marcador. La victoria le permitir\u00eda ensanchar los pulmones y respirar muy tranquilo de cara a un calendario que comenzar\u00e1 a endurecerse despu\u00e9s de este compromiso.<\/p>\n<p>La alineaci\u00f3n del M\u00e1laga<\/p>\n<blockquote class=\"twitter-tweet\">\n<p dir=\"ltr\" lang=\"es\">&#x1f575;&#x1f3fb;&#x200d;&#x2642;&#xfe0f;&#x1f447;&#x1f3fc; El once del <a href=\"https:\/\/twitter.com\/MalagaCF?ref_src=twsrc%5Etfw\">@MalagaCF<\/a> <a href=\"https:\/\/t.co\/MSgXdw7rKo\">https:\/\/t.co\/MSgXdw7rKo<\/a><\/p>\n<p>\u2014 Real Zaragoza &#x1f981; (@RealZaragoza) <a href=\"https:\/\/twitter.com\/RealZaragoza\/status\/1627743601533849633?ref_src=twsrc%5Etfw\">February 20, 2023<\/a><\/p><\/blockquote>\n<p><script async src=\"https:\/\/platform.twitter.com\/widgets.js\" charset=\"utf-8\"><\/script><\/p>\n","protected":false},"excerpt":{"rendered":"<p>Ni Puche ni Pau Sans. Fran Escrib\u00e1, por primera vez esta temporada, cambia de sistema y apuesta por un solo delantero, Giuliano, con Vada de enganche por detr\u00e1s del punta argentino. El t\u00e9cnico, como hab\u00eda avisado, retoca la defensa en el eje, donde Llu\u00eds L\u00f3pez releva a Franc\u00e9s, y en <a class=\"read-more\" href=\"https:\/\/principesdeparis.es\/principes\/escriba-juega-con-un-solo-delantero-e-introduce-cuatro-cambios\/\">Sigue leyendo<\/a><\/p>\n","protected":false},"author":2,"featured_media":10444,"comment_status":"open","ping_status":"open","sticky":false,"template":"","format":"standard","meta":{"footnotes":""},"categories":[13,1],"tags":[],"class_list":["post-10443","post","type-post","status-publish","format-standard","has-post-thumbnail","hentry","category-publicidad","category-real-zaragoza"],"_links":{"self":[{"href":"https:\/\/principesdeparis.es\/principes\/wp-json\/wp\/v2\/posts\/10443","targetHints":{"allow":["GET"]}}],"collection":[{"href":"https:\/\/principesdeparis.es\/principes\/wp-json\/wp\/v2\/posts"}],"about":[{"href":"https:\/\/principesdeparis.es\/principes\/wp-json\/wp\/v2\/types\/post"}],"author":[{"embeddable":true,"href":"https:\/\/principesdeparis.es\/principes\/wp-json\/wp\/v2\/users\/2"}],"replies":[{"embeddable":true,"href":"https:\/\/principesdeparis.es\/principes\/wp-json\/wp\/v2\/comments?post=10443"}],"version-history":[{"count":10,"href":"https:\/\/principesdeparis.es\/principes\/wp-json\/wp\/v2\/posts\/10443\/revisions"}],"predecessor-version":[{"id":10454,"href":"https:\/\/principesdeparis.es\/principes\/wp-json\/wp\/v2\/posts\/10443\/revisions\/10454"}],"wp:featuredmedia":[{"embeddable":true,"href":"https:\/\/principesdeparis.es\/principes\/wp-json\/wp\/v2\/media\/10444"}],"wp:attachment":[{"href":"https:\/\/principesdeparis.es\/principes\/wp-json\/wp\/v2\/media?parent=10443"}],"wp:term":[{"taxonomy":"category","embeddable":true,"href":"https:\/\/principesdeparis.es\/principes\/wp-json\/wp\/v2\/categories?post=10443"},{"taxonomy":"post_tag","embeddable":true,"href":"https:\/\/principesdeparis.es\/principes\/wp-json\/wp\/v2\/tags?post=10443"}],"curies":[{"name":"wp","href":"https:\/\/api.w.org\/{rel}","templated":true}]}}