{"id":10467,"date":"2023-02-20T23:41:52","date_gmt":"2023-02-20T23:41:52","guid":{"rendered":"https:\/\/principesdeparis.es\/principes\/?p=10467"},"modified":"2023-02-20T23:41:52","modified_gmt":"2023-02-20T23:41:52","slug":"el-uno-a-uno-del-malaga-real-zaragoza","status":"publish","type":"post","link":"https:\/\/principesdeparis.es\/principes\/el-uno-a-uno-del-malaga-real-zaragoza\/","title":{"rendered":"El uno a uno del M\u00e1laga-Real Zaragoza"},"content":{"rendered":"<p>Las puntuaciones se realizan de 0 a 10<\/p>\n<p>SC (sin calificar)<\/p>\n<p><strong>Cristian 0<\/strong><br \/>\n<strong>Superado<\/strong><br \/>\nLos tres goles le cogieron traicionado por su defensa. El primero con toda el \u00e1rea concedida al M\u00e1laga , el segundo fruto de un disparo inapelable de Lago Junior y el tercero a media salida de un m\u00e1gico toque de Rub\u00e9n Castro.<\/p>\n<p><strong>Larrazabal 0<\/strong><br \/>\n<strong>Glacial<\/strong><br \/>\nSigue perdido entre una doble personalidad en la que no acaba de reconocerse. Ni es defensa ni extremo, y a mitad de camino se olvida un bal\u00f3n, se carga con una tarjeta al querer recuperarlo y deja solo a Rub\u00e9n Castro en el primer tanto.<\/p>\n<p><strong>Llu\u00eds L\u00f3pez 0<\/strong><br \/>\n<strong>Principiante<\/strong><br \/>\nEn el segundo gol salta como un aprendiz de central dej\u00e1ndose a sus espaldas a Rub\u00e9n Castro. Tuvo la oportunidad de mejorar a Franc\u00e9s pero lo hizo a\u00fan peor, transmitiendo inseguridad cada vez que intervino m\u00e1s all\u00e1 de los despejes sencillos.<\/p>\n<p><strong>Jair 3<\/strong><br \/>\n<strong>Desorientado<\/strong><br \/>\nRub\u00e9n Castro le gan\u00f3 la posici\u00f3n en el tercer gol de los andaluces y lo dej\u00f3 muy marcado, pero el central, mientras el marcador no se movi\u00f3, impuso su austeridad y eficacia a\u00e9rea. El \u00fanico defensa en la banda de cart\u00f3n.<\/p>\n<p><strong>Nieto 0<\/strong><br \/>\n<strong>Endeble<\/strong><br \/>\nEl lateral estuvo especialmente blando permitiendo que se generase la acci\u00f3n del primer gol por su costado, jugando, como hace casi siempre, sin fr\u00edo ni calor<\/p>\n<p><strong>Alarc\u00f3n 0<\/strong><br \/>\n<strong>Est\u00e9ril<\/strong><br \/>\nEl chileno es reserva en este equipo. Vino como refuerzo pero no da para ese nivel. En La Rosaleda anduvo como un alma en pena, sin poso defensivo ni creativo, entre su propia niebla.\u00a0 Se entiende que Escrib\u00e1 prefiera a Zapater.<\/p>\n<p><strong>Francho 0<\/strong><br \/>\n<strong>Inactivo<\/strong><br \/>\nAnduvo entre el doble pivote\u00a0 e infructuosos desmarques por la banda, es decir en todas y ninguna parte, m\u00e1s apagado que nunca y sin tomarle el pulso ni al partido ni al bal\u00f3n.<\/p>\n<p><strong>Vada 0<\/strong><br \/>\n<strong>Descarriado<\/strong><br \/>\nVolvi\u00f3 al enganche y acab\u00f3 de interior derecha. Tuvo un par de ocasiones al principio cerca de Giuliano pero poco a poco se retras\u00f3 por la inercia de su posici\u00f3n t\u00e1ctica y desapareci\u00f3<\/p>\n<p><strong>Beb\u00e9 4<\/strong><br \/>\n<strong>Solitario<\/strong><br \/>\nEl \u00fanico futbolista del Real Zaragoza en el campo. Lo intent\u00f3 en diferentes versiones, corriendo por el carril, disparando e intentado organizar el caos. No pudo con tanta carga y desisti\u00f3.<\/p>\n<p><strong>Bermejo 0<\/strong><br \/>\n<strong>Liviano<\/strong><br \/>\nDe nuevo titular fue como si no hubiese pasado por el encuentro, perdiendo ventajas y eligiendo siempre mal en el pase y el regate. Acab\u00f3 engullido por su propia sombra-.<\/p>\n<p><strong>Giuliano 0<\/strong><br \/>\n<strong>Inocente<\/strong><br \/>\nEn su peor actuaci\u00f3n de la temporada, perdi\u00f3 la gran ocasi\u00f3n de poner en ventaja a su equipo. Se fue de Ya\u00f1ez y a porter\u00eda vac\u00eda quiso acomodarse el bal\u00f3n a la derecha, lo que permiti\u00f3 que Ramalho llegara a tiempo de despejar. Ya no regres\u00f3 de esa toma.<\/p>\n<p><strong>Tambi\u00e9n jugaron<\/strong><\/p>\n<p>Puche 0<\/p>\n<p>Fran G\u00e1mez 0<\/p>\n<p>Alarc\u00f3n 1<\/p>\n<p>Pau Sans s.c.<\/p>\n<p>Manu Molina s.c.<\/p>\n<p>Gueye s.c.<\/p>\n<p>&nbsp;<\/p>\n<p>&nbsp;<\/p>\n<p>&nbsp;<\/p>\n<p>&nbsp;<\/p>\n","protected":false},"excerpt":{"rendered":"<p>Las puntuaciones se realizan de 0 a 10 SC (sin calificar) Cristian 0 Superado Los tres goles le cogieron traicionado por su defensa. El primero con toda el \u00e1rea concedida al M\u00e1laga , el segundo fruto de un disparo inapelable de Lago Junior y el tercero a media salida de <a class=\"read-more\" href=\"https:\/\/principesdeparis.es\/principes\/el-uno-a-uno-del-malaga-real-zaragoza\/\">Sigue leyendo<\/a><\/p>\n","protected":false},"author":2,"featured_media":10470,"comment_status":"open","ping_status":"open","sticky":false,"template":"","format":"standard","meta":{"footnotes":""},"categories":[13,1],"tags":[],"class_list":["post-10467","post","type-post","status-publish","format-standard","has-post-thumbnail","hentry","category-publicidad","category-real-zaragoza"],"_links":{"self":[{"href":"https:\/\/principesdeparis.es\/principes\/wp-json\/wp\/v2\/posts\/10467","targetHints":{"allow":["GET"]}}],"collection":[{"href":"https:\/\/principesdeparis.es\/principes\/wp-json\/wp\/v2\/posts"}],"about":[{"href":"https:\/\/principesdeparis.es\/principes\/wp-json\/wp\/v2\/types\/post"}],"author":[{"embeddable":true,"href":"https:\/\/principesdeparis.es\/principes\/wp-json\/wp\/v2\/users\/2"}],"replies":[{"embeddable":true,"href":"https:\/\/principesdeparis.es\/principes\/wp-json\/wp\/v2\/comments?post=10467"}],"version-history":[{"count":6,"href":"https:\/\/principesdeparis.es\/principes\/wp-json\/wp\/v2\/posts\/10467\/revisions"}],"predecessor-version":[{"id":10474,"href":"https:\/\/principesdeparis.es\/principes\/wp-json\/wp\/v2\/posts\/10467\/revisions\/10474"}],"wp:featuredmedia":[{"embeddable":true,"href":"https:\/\/principesdeparis.es\/principes\/wp-json\/wp\/v2\/media\/10470"}],"wp:attachment":[{"href":"https:\/\/principesdeparis.es\/principes\/wp-json\/wp\/v2\/media?parent=10467"}],"wp:term":[{"taxonomy":"category","embeddable":true,"href":"https:\/\/principesdeparis.es\/principes\/wp-json\/wp\/v2\/categories?post=10467"},{"taxonomy":"post_tag","embeddable":true,"href":"https:\/\/principesdeparis.es\/principes\/wp-json\/wp\/v2\/tags?post=10467"}],"curies":[{"name":"wp","href":"https:\/\/api.w.org\/{rel}","templated":true}]}}