{"id":10489,"date":"2023-02-24T16:28:42","date_gmt":"2023-02-24T16:28:42","guid":{"rendered":"https:\/\/principesdeparis.es\/principes\/?p=10489"},"modified":"2023-02-24T20:46:14","modified_gmt":"2023-02-24T20:46:14","slug":"pau-sans-titular-ya","status":"publish","type":"post","link":"https:\/\/principesdeparis.es\/principes\/pau-sans-titular-ya\/","title":{"rendered":"Pau Sans, \u00a1titular ya!"},"content":{"rendered":"<p style=\"text-align: center;\"><strong>Escrib\u00e1 deber\u00e1 optar si sigue arriba s\u00f3lo con Giuliano, que anda seco en 2023, o acompa\u00f1arle del juvenil, un decisi\u00f3n audaz pero avalada por la l\u00f3gica de las circunstancias en la b\u00fasqueda de gol<\/strong><\/p>\n<p>En buena l\u00f3gica de unas circunstancias tan especiales como son las lesiones de Mollejo y Az\u00f3n, la invalidaci\u00f3n de Gueye, la apuesta muy forzada de Puche como atacante de calado, la falta de gol y eficacia y la amenaza de un descenso que observa al Real Zaragoza a cuatro puntos tras dos derrotas aplastantes deportiva y moralmente, la figura de Pau Sans ha adquirido una importancia relevante. El juvenil, que dej\u00f3 un par de detalles notables en su debut ante el Alav\u00e9s, no deja de ser una inc\u00f3gnita para el f\u00fatbol profesional, pero avalado por un ecosistema que necesita frescura y olfato realizador y por las referencias de t\u00e9cnicos de la cantera con mucho cr\u00e9dito que le ven capacitado para dar el salto, su momento ha llegado.<\/p>\n<p>Frente al Burgos deber\u00eda ser titular por causas razonables. La teor\u00eda de que no se puede cargar sobre los hombros de un chico semejante responsabilidad tiene, como en este caso, sus objeciones. Sans ha sido un habitual en los entrenamientos del primer equipo, lo que demuestra que al menos est\u00e1 capacitado para convivir en esa din\u00e1mica con el resto de sus compa\u00f1eros, y el club le acaba de renovar por cuatro temporadas. Su magn\u00edfica respuesta como goleador en el equipo de Javier Garc\u00e9s ha jugado a su favor &#8211;16 tantos&#8211;, pero sobre todo la firmeza y personalidad con las que se ha aclimatado a este escenario. Fran Escrib\u00e1 no ha gastado cumplidos gratuitamente hacia el zaragozano, al que considera apto para asumir el rol necesario y le ha ofrecido minutos en el par de ocasiones en que ha sido convocado, en ambos partidos saliendo desde el banquillo con un 0-3 y un 2-0 en contra y por delante del desdichado Gueye. Le falta el bautismo definitivo, la oportunidad de aparecer en el once con un resultado por el que competir.<\/p>\n<p>El riesgo de exponer a un futbolista que necesita cumplir m\u00e1s fases de aprendizaje queda desplazado por la urgencia de recuperar el sistema que m\u00e1s conviene al Real Zaragoza, el 1-4-4-2 en el que Giuliano, pese a su naturaleza de b\u00e1rbaro revolucionario en soledad, pueda liberarse de tantas tensiones. Simeone, que anda seco de cara a puerta en todo 2023, ten\u00eda cierta sinton\u00eda con Mollejo y con Az\u00f3n, con quien pese a coincidir nunca ha llegado a formar la punta de lanza so\u00f1ada por los problemas f\u00edsicos del ariete. El t\u00e9cnico, desencantado por su experimento con el Cholito y Puche frente al Alav\u00e9s, opt\u00f3 por romper una de sus reglas sagradas y dispuso una alineaci\u00f3n con un \u00fanico delantero en La Rosaleda.<\/p>\n<p>Sans y el Real Zaragoza no tienen nada que perder si se asocian desde el principio en la visita del Burgos. Al contrario. Con Az\u00f3n sin fecha de regreso y se supone que descartada la disparatada idea de traer a alguien del paro sin garant\u00eda alguna para resolver las carencias ofensivas, cuanto antes entre en batalla el juvenil, mejor. En La Romareda, arropado por una afici\u00f3n que va a estar a su lado de principio a fin y que necesita motivaciones en una tesitura de hast\u00edo por la temporada en general y por las palizas recientes, Pau Sans encontrar\u00eda el abono ideal para desplegar su osad\u00eda. Frente al peligro, es la hora de los valientes, y Escrib\u00e1, que nunca ha pecado de lo contrario, lo sabe.<\/p>\n<div id=\"polls-102\" class=\"wp-polls\">\n\t\t<p style=\"text-align: center;\"><strong>\u00bfCrees que Pau Sans deber\u00eda estar en la alineaci\u00f3n frente al Burgos?<\/strong><\/p><div id=\"polls-102-ans\" class=\"wp-polls-ans\"><ul class=\"wp-polls-ul\">\n\t\t<li>S\u00ed <small>(89%, 17 Votos)<\/small><div class=\"pollbar\" style=\"width: 89%;\" title=\"S\u00ed (89% | 17 Votos)\"><\/div><\/li>\n\t\t<li>No <small>(11%, 2 Votos)<\/small><div class=\"pollbar\" style=\"width: 11%;\" title=\"No (11% | 2 Votos)\"><\/div><\/li>\n\t\t<\/ul><p style=\"text-align: center;\">Votantes totales: <strong>19<\/strong><\/p><\/div>\n\t\t<input type=\"hidden\" id=\"poll_102_nonce\" name=\"wp-polls-nonce\" value=\"67bf250377\" \/>\n<\/div>\n<div id=\"polls-102-loading\" class=\"wp-polls-loading\"><img loading=\"lazy\" decoding=\"async\" src=\"https:\/\/principesdeparis.es\/principes\/wp-content\/plugins\/wp-polls\/images\/loading.gif\" width=\"16\" height=\"16\" alt=\"Cargando ...\" title=\"Cargando ...\" class=\"wp-polls-image\" \/>&nbsp;Cargando ...<\/div>\n\n<p>&nbsp;<\/p>\n","protected":false},"excerpt":{"rendered":"<p>Escrib\u00e1 deber\u00e1 optar si sigue arriba s\u00f3lo con Giuliano, que anda seco en 2023, o acompa\u00f1arle del juvenil, un decisi\u00f3n audaz pero avalada por la l\u00f3gica de las circunstancias en la b\u00fasqueda de gol En buena l\u00f3gica de unas circunstancias tan especiales como son las lesiones de Mollejo y Az\u00f3n, <a class=\"read-more\" href=\"https:\/\/principesdeparis.es\/principes\/pau-sans-titular-ya\/\">Sigue leyendo<\/a><\/p>\n","protected":false},"author":2,"featured_media":10495,"comment_status":"open","ping_status":"open","sticky":false,"template":"","format":"standard","meta":{"footnotes":""},"categories":[13,1],"tags":[],"class_list":["post-10489","post","type-post","status-publish","format-standard","has-post-thumbnail","hentry","category-publicidad","category-real-zaragoza"],"_links":{"self":[{"href":"https:\/\/principesdeparis.es\/principes\/wp-json\/wp\/v2\/posts\/10489","targetHints":{"allow":["GET"]}}],"collection":[{"href":"https:\/\/principesdeparis.es\/principes\/wp-json\/wp\/v2\/posts"}],"about":[{"href":"https:\/\/principesdeparis.es\/principes\/wp-json\/wp\/v2\/types\/post"}],"author":[{"embeddable":true,"href":"https:\/\/principesdeparis.es\/principes\/wp-json\/wp\/v2\/users\/2"}],"replies":[{"embeddable":true,"href":"https:\/\/principesdeparis.es\/principes\/wp-json\/wp\/v2\/comments?post=10489"}],"version-history":[{"count":5,"href":"https:\/\/principesdeparis.es\/principes\/wp-json\/wp\/v2\/posts\/10489\/revisions"}],"predecessor-version":[{"id":10496,"href":"https:\/\/principesdeparis.es\/principes\/wp-json\/wp\/v2\/posts\/10489\/revisions\/10496"}],"wp:featuredmedia":[{"embeddable":true,"href":"https:\/\/principesdeparis.es\/principes\/wp-json\/wp\/v2\/media\/10495"}],"wp:attachment":[{"href":"https:\/\/principesdeparis.es\/principes\/wp-json\/wp\/v2\/media?parent=10489"}],"wp:term":[{"taxonomy":"category","embeddable":true,"href":"https:\/\/principesdeparis.es\/principes\/wp-json\/wp\/v2\/categories?post=10489"},{"taxonomy":"post_tag","embeddable":true,"href":"https:\/\/principesdeparis.es\/principes\/wp-json\/wp\/v2\/tags?post=10489"}],"curies":[{"name":"wp","href":"https:\/\/api.w.org\/{rel}","templated":true}]}}