{"id":10497,"date":"2023-02-25T09:22:23","date_gmt":"2023-02-25T09:22:23","guid":{"rendered":"https:\/\/principesdeparis.es\/principes\/?p=10497"},"modified":"2023-02-25T11:47:15","modified_gmt":"2023-02-25T11:47:15","slug":"escriba-el-real-zaragoza-no-va-a-descender","status":"publish","type":"post","link":"https:\/\/principesdeparis.es\/principes\/escriba-el-real-zaragoza-no-va-a-descender\/","title":{"rendered":"Escrib\u00e1: \u00abEl Real Zaragoza no va a descender\u00bb"},"content":{"rendered":"<p>El entrenador del Real Zaragoza se mostr\u00f3 <strong>contundente cuando se le sugiri\u00f3 sobre la posibilidad de un descenso<\/strong>, con el equipo a cuatro puntos de la zona roja y en una din\u00e1mica a la baja: <strong>\u00abEstoy convencido de que no vamos a descender. Por el camino perderemos alg\u00fan partido, pero vamos a sumar los puntos necesarios.<\/strong> Lo s\u00e9 porque he visto competir a este\u00a0 equipo y est\u00e1 cualificado para salvarse\u00bb. En referencia a alg\u00fan fichaje del mercado del paro tras liberarse la plaza de Igbekeme, el t\u00e9cnico asegur\u00f3: \u00abEstamos en ello, pero lo veo muy complicado. <strong>No creo que venga nadie\u00bb<\/strong>.<\/p>\n<p><strong>El fondo de la charla:<\/strong> \u00abEl an\u00e1lisis del partido del M\u00e1laga y el del Alav\u00e9s me dejan que hicimos dos buenas primeras partes y dos malas segundas partes. Nos falt\u00f3 chocar, ser agresivo con o sin bal\u00f3n, y eso hizo que encaj\u00e1ramos tantos goles con tan poco que nos generaron. Nos faltaron esos filtros defensivos que queremos tener y aplicar para que no nos lleguen, y el an\u00e1lisis sigue siendo el mismo. La reuni\u00f3n y la charla que tuvimos no fue por eso. Fue porque es algo que deber\u00eda hacerse en todas las empresas. Ni fue bronca ni nada por el estilo sino para conocer que siente el futbolista. Fue una reuni\u00f3n muy productiva, el mejor entrenamiento de la semana. Es una forma de que todos expresen lo que sienten en cada momento. Perdimos dos partidos que se pod\u00edan no haber perdido. Esto no es una crisis ni nada parecido para decir qu\u00e9 desastre. Ahora toca corregirlo. Se habl\u00f3 de la profesionalidad, del sentimiento, del car\u00e1cter, de ser valiente en esta situaci\u00f3n con la ciudad y la afici\u00f3n que hay detr\u00e1s. Aqu\u00ed hay muchos jugadores que sienten con una gran sentimiento de pertenencia\u00bb.<\/p>\n<p><strong>Giuliano y Pau Sans:<\/strong> \u00abEl tema Pau es una cosa curiosa y me hace gracia. Lo pongo yo y ahora parece que tiene que jugar de inicio. Mucha gente no hab\u00eda o\u00eddo hablar de \u00e9l y pasamos a decir que tiene que jugar de inicio. Lo hemos visto jugar dos ratos. Tanto me gusta que lo he hecho debutar, pero acaba de llegar a la \u00e9lite y se necesitan plazos con mucho por hacer. Sabe d\u00f3nde est\u00e1 la porter\u00eda, es competitivo y f\u00edsicamente es fuerte aunque est\u00e1 por hacer. Queremos que d\u00e9 saltos grandes, y el primero ya lo ha dado con este cuerpo t\u00e9cnico, pero de ah\u00ed a que debe ser titular&#8230; Cuento con \u00e9l y si no ocurre nada raro seguramente ser\u00e1 uno m\u00e1s de la plantilla hasta final de temporada y, claro, tiene opciones de jugar como cualquier otro\u00bb.<\/p>\n<p><strong>Jugar\u00e1n los que compiten<\/strong>: \u00abLo dije en caliente. No me arrepiento de lo que dije. Jugar bien lo hacen muchos pero competir&#8230; Me doli\u00f3 porque perdimos una oportunidad de dejara lejos a un rival directo. Sin embargo estoy contento con esta plantilla, no as\u00ed con el rendimiento. Por una cosa u otra no nos salen las cosas. Hemos fallado en momentos clave. Con tres puntos m\u00e1s lo estar\u00edamos viendo de otra forma. Yo lo veo gris, no tan negro como alguna gente. En este partido habr\u00e1 cambios\u00bb.<\/p>\n<p><strong>Finales:<\/strong> \u00abLa frase de Zapater es perfecta. Debemos vivir as\u00ed todos los partidos. No s\u00f3lo cuando estoy m\u00e1s apurado. Los 42 partidos de la Liga son finales porque no vuelven m\u00e1s. Esa es la mentalidad. Claro que son finales y este partido es \u00fanico\u00bb.<\/p>\n<p><strong>C\u00f3mo reconducir la situaci\u00f3n:<\/strong> \u00abEs casi imposible encontrar en cualquier equipo una temporada en la que no haya perdidos dos partidos seguidos. El enfado es m\u00e1s por perder dos partidos en lo que tuvimos opciones que por la derrota en s\u00ed. La solidez defensiva que se ha ca\u00eddo es algo importante para corregir sobre todo en las segundas partes, cuando nos hemos ca\u00eddo.\u00a0 Nosotros no podemos intercambiar golpes, somos de partidos donde concedemos poco y luego mirar la porter\u00eda contrar\u00eda para darle la vuelta a una situaci\u00f3n que no es grave pero que no nos gusta\u00bb.<\/p>\n<p><strong>El Burgos:<\/strong> \u00abPosiblemente no tiene la plantilla de m\u00e1s calidad, pero a nivel de funcionamiento es el que mejor funciona colectivamente. Tienen bajas pera las nuestras son m\u00e1s importantes. Es un equipo que sabe jugar con el tiempo, que marca muchos goles en las segundas partes. Que pase el tiempo sin pasar nada para encontrar su momento ser\u00e1 casi seguro su consigna porque tienen gente de calidad y su campa\u00f1a est\u00e1 siendo muy buena\u00bb.<\/p>\n<p><strong>Modelo de juego:<\/strong> \u00abLa semana pasada jugamos con 1-4-2-3-1 con un futbolista de enganche. Tenemos bajas importantes arriba.\u00a0 Con Az\u00f3n y Mollejo encajaba muy bien el 1-4-4-2. Seguimos tendiendo delanteros y alguno no est\u00e1n respondiendo como esper\u00e1bamos por su juventud. Dudas entre armar mejor al equipo y llegar menos o poco o jugar con un segundo punta y dar la sensaci\u00f3n de que podemos ofrecer m\u00e1s arriba. Estamos preparados para ambas cosas\u00bb.<\/p>\n<p><strong>Peligro:<\/strong> \u00abNo vamos a descender porque vamos a sumar puntos y ganar partidos. Ma\u00f1ana y el resto de los encuentros habr\u00e1 que sufrir y morir, algo que ya ha hecho este equipo. Lo tengo clar\u00edsimo y el vestuario sabe de este mensaje sobre que nos vamos a ganar la permanencia. Para eso estamos m\u00e1s que preparados\u00bb.<\/p>\n<p><strong>Mercado del paro: \u00ab<\/strong>Lo hable ayer con el director deportivo. No por una necesidad sino porque hay una ficha libre. Ser\u00e1 dif\u00edcil que venga alguien\u00bb<\/p>\n<p>&nbsp;<\/p>\n<p>&nbsp;<\/p>\n<p>&nbsp;<\/p>\n","protected":false},"excerpt":{"rendered":"<p>El entrenador del Real Zaragoza se mostr\u00f3 contundente cuando se le sugiri\u00f3 sobre la posibilidad de un descenso, con el equipo a cuatro puntos de la zona roja y en una din\u00e1mica a la baja: \u00abEstoy convencido de que no vamos a descender. Por el camino perderemos alg\u00fan partido, pero <a class=\"read-more\" href=\"https:\/\/principesdeparis.es\/principes\/escriba-el-real-zaragoza-no-va-a-descender\/\">Sigue leyendo<\/a><\/p>\n","protected":false},"author":2,"featured_media":10377,"comment_status":"open","ping_status":"open","sticky":false,"template":"","format":"standard","meta":{"footnotes":""},"categories":[13,1],"tags":[],"class_list":["post-10497","post","type-post","status-publish","format-standard","has-post-thumbnail","hentry","category-publicidad","category-real-zaragoza"],"_links":{"self":[{"href":"https:\/\/principesdeparis.es\/principes\/wp-json\/wp\/v2\/posts\/10497","targetHints":{"allow":["GET"]}}],"collection":[{"href":"https:\/\/principesdeparis.es\/principes\/wp-json\/wp\/v2\/posts"}],"about":[{"href":"https:\/\/principesdeparis.es\/principes\/wp-json\/wp\/v2\/types\/post"}],"author":[{"embeddable":true,"href":"https:\/\/principesdeparis.es\/principes\/wp-json\/wp\/v2\/users\/2"}],"replies":[{"embeddable":true,"href":"https:\/\/principesdeparis.es\/principes\/wp-json\/wp\/v2\/comments?post=10497"}],"version-history":[{"count":16,"href":"https:\/\/principesdeparis.es\/principes\/wp-json\/wp\/v2\/posts\/10497\/revisions"}],"predecessor-version":[{"id":10513,"href":"https:\/\/principesdeparis.es\/principes\/wp-json\/wp\/v2\/posts\/10497\/revisions\/10513"}],"wp:featuredmedia":[{"embeddable":true,"href":"https:\/\/principesdeparis.es\/principes\/wp-json\/wp\/v2\/media\/10377"}],"wp:attachment":[{"href":"https:\/\/principesdeparis.es\/principes\/wp-json\/wp\/v2\/media?parent=10497"}],"wp:term":[{"taxonomy":"category","embeddable":true,"href":"https:\/\/principesdeparis.es\/principes\/wp-json\/wp\/v2\/categories?post=10497"},{"taxonomy":"post_tag","embeddable":true,"href":"https:\/\/principesdeparis.es\/principes\/wp-json\/wp\/v2\/tags?post=10497"}],"curies":[{"name":"wp","href":"https:\/\/api.w.org\/{rel}","templated":true}]}}