{"id":10524,"date":"2023-02-26T14:13:47","date_gmt":"2023-02-26T14:13:47","guid":{"rendered":"https:\/\/principesdeparis.es\/principes\/?p=10524"},"modified":"2023-02-26T14:34:52","modified_gmt":"2023-02-26T14:34:52","slug":"luna-debuta-como-titular-en-un-once-al-que-regresan-zapater-y-puche","status":"publish","type":"post","link":"https:\/\/principesdeparis.es\/principes\/luna-debuta-como-titular-en-un-once-al-que-regresan-zapater-y-puche\/","title":{"rendered":"Luna debuta como titular en un once al que regresan Zapater y Puche"},"content":{"rendered":"<p>Marcos Luna, despu\u00e9s de haber jugado minutos sueltos ante Villarreal y Granda, ha sido el lateral derecho elegido por Fran Escrib\u00e1 en un baile en que hasta el momento s\u00f3lo hab\u00edan participado G\u00e1mez y Larrazabal. El canterano debuta en un once con dos cambios m\u00e1s. No le gust\u00f3 al entrenador lo sucedido en M\u00e1laga, pero en defensa no se produce ninguna variante m\u00e1s: Franc\u00e9s sigue en el banco un encuentro m\u00e1s y Llu\u00eds L\u00f3pez defiende el puesto junto a Jair y Nieto y el ya mencionado Luna. En el centro del campo, Tom\u00e1s Alarc\u00f3n va camino de convertirse en el segundo Gueye. Sin dejar huella alguna en la \u00faltima jornada, uno de los dos refuerzos de enero vuelve al banquillo para que salte al campo Zapater, m\u00e1s de la confianza de Escrib\u00e1. El capit\u00e1n adelanta de nuevo al chileno en una medular donde se reencuentra con Francho y Bermejo y Beb\u00e9 en las alas. El t\u00e9cnico, que prob\u00f3 con un solo punto en La Rosaleda recupera asimismo la doble punta de lanza con la inclusi\u00f3n de Puche, dupla con Giuliano que ya coincidi\u00f3 ante el Alav\u00e9s. El entrenador del conjunto aragon\u00e9s, como insinu\u00f3 ayer, ha echo o\u00eddos sordos a la petici\u00f3n popular de Pau Sans y demora por el momento dar la alternativa al juvenil en una atractiva opci\u00f3n ofensiva.<\/p>\n<p>La alineaci\u00f3n del Burgos<\/p>\n<blockquote class=\"twitter-tweet\">\n<p lang=\"es\" dir=\"ltr\">&#x1f575;&#x1f3fb;&#x200d;&#x2642;&#xfe0f;&#x1f447;&#x1f3fc; El once del <a href=\"https:\/\/twitter.com\/Burgos_CF?ref_src=twsrc%5Etfw\">@Burgos_CF<\/a> <a href=\"https:\/\/t.co\/jZ5xaWoLnl\">https:\/\/t.co\/jZ5xaWoLnl<\/a><\/p>\n<p>&mdash; Real Zaragoza &#x1f981; (@RealZaragoza) <a href=\"https:\/\/twitter.com\/RealZaragoza\/status\/1629849315916107776?ref_src=twsrc%5Etfw\">February 26, 2023<\/a><\/p><\/blockquote>\n<p> <script async src=\"https:\/\/platform.twitter.com\/widgets.js\" charset=\"utf-8\"><\/script><\/p>\n","protected":false},"excerpt":{"rendered":"<p>Marcos Luna, despu\u00e9s de haber jugado minutos sueltos ante Villarreal y Granda, ha sido el lateral derecho elegido por Fran Escrib\u00e1 en un baile en que hasta el momento s\u00f3lo hab\u00edan participado G\u00e1mez y Larrazabal. El canterano debuta en un once con dos cambios m\u00e1s. No le gust\u00f3 al entrenador <a class=\"read-more\" href=\"https:\/\/principesdeparis.es\/principes\/luna-debuta-como-titular-en-un-once-al-que-regresan-zapater-y-puche\/\">Sigue leyendo<\/a><\/p>\n","protected":false},"author":2,"featured_media":10525,"comment_status":"open","ping_status":"open","sticky":false,"template":"","format":"standard","meta":{"footnotes":""},"categories":[13,1],"tags":[],"class_list":["post-10524","post","type-post","status-publish","format-standard","has-post-thumbnail","hentry","category-publicidad","category-real-zaragoza"],"_links":{"self":[{"href":"https:\/\/principesdeparis.es\/principes\/wp-json\/wp\/v2\/posts\/10524","targetHints":{"allow":["GET"]}}],"collection":[{"href":"https:\/\/principesdeparis.es\/principes\/wp-json\/wp\/v2\/posts"}],"about":[{"href":"https:\/\/principesdeparis.es\/principes\/wp-json\/wp\/v2\/types\/post"}],"author":[{"embeddable":true,"href":"https:\/\/principesdeparis.es\/principes\/wp-json\/wp\/v2\/users\/2"}],"replies":[{"embeddable":true,"href":"https:\/\/principesdeparis.es\/principes\/wp-json\/wp\/v2\/comments?post=10524"}],"version-history":[{"count":2,"href":"https:\/\/principesdeparis.es\/principes\/wp-json\/wp\/v2\/posts\/10524\/revisions"}],"predecessor-version":[{"id":10527,"href":"https:\/\/principesdeparis.es\/principes\/wp-json\/wp\/v2\/posts\/10524\/revisions\/10527"}],"wp:featuredmedia":[{"embeddable":true,"href":"https:\/\/principesdeparis.es\/principes\/wp-json\/wp\/v2\/media\/10525"}],"wp:attachment":[{"href":"https:\/\/principesdeparis.es\/principes\/wp-json\/wp\/v2\/media?parent=10524"}],"wp:term":[{"taxonomy":"category","embeddable":true,"href":"https:\/\/principesdeparis.es\/principes\/wp-json\/wp\/v2\/categories?post=10524"},{"taxonomy":"post_tag","embeddable":true,"href":"https:\/\/principesdeparis.es\/principes\/wp-json\/wp\/v2\/tags?post=10524"}],"curies":[{"name":"wp","href":"https:\/\/api.w.org\/{rel}","templated":true}]}}