{"id":10528,"date":"2023-02-26T14:52:29","date_gmt":"2023-02-26T14:52:29","guid":{"rendered":"https:\/\/principesdeparis.es\/principes\/?p=10528"},"modified":"2023-02-26T17:10:35","modified_gmt":"2023-02-26T17:10:35","slug":"el-banquillo-de-los-titulares-fantasma","status":"publish","type":"post","link":"https:\/\/principesdeparis.es\/principes\/el-banquillo-de-los-titulares-fantasma\/","title":{"rendered":"El banquillo de los titulares &#8216;fantasma&#8217;"},"content":{"rendered":"<p>El Real Zaragoza tendr\u00e1 hoy un banquillo donde la mayor\u00eda de sus jugadores han saboreado la titularidad en alguna de sus etapas zaragocistas. Salvo \u00c1lvaro Rat\u00f3n, que tuvo su momento antes de la contrataci\u00f3n de Cristian \u00c1lvarez, y Pau Sans, reci\u00e9n llegado desdee el juvenil y sin estrenarse en el once, el resto han ido perdiendo progresivamente la confianza de los entrenadores, de quienes confiaron ellos o de aquellos que han considerado oportuno contar con otros compa\u00f1eros. El caso de Franc\u00e9s es el m\u00e1s llamativo por su bajo estado de forma y tambi\u00e9n porque su relevo, Llu\u00eds L\u00f3pez casi nunca da la talla, lo que expone a la armadura ofensiva a la m\u00e1xima inspiraci\u00f3n de Jair, intocable. Gabriel Fuentes, fijo desde que se estrenara en Ponferrada nada m\u00e1s aterrizar en el equipo, parec\u00eda inamovible, pero Nieto le ha desplazado de las preferencias de Escrib\u00e1 a partir de la jornada 22 en Gij\u00f3n.<\/p>\n<p>G\u00e1mez y Larrazabal, despu\u00e9s de haber mantenido un pulso favorable en apariciones al valenciano, hoy se han visto desplazados por el debutante Marcos Luna. El primero, m\u00e1ximo asistente el curso pasado con siete pases de gol, ha bajado bastantes sus prestaciones, mientras que el vasco, cuando ha entrado para hallar una mejor respuesta en esa posici\u00f3n, no ha logrado subir el nivel. Larrazabal fue de la confianza, como extremo, de Rub\u00e9n Baraja. pero desde entonces fluct\u00faa por el carril sin encontrar su lugar.<\/p>\n<p>Manu Molina fue elegido como faro del Real Zaragoza por Juan Carlos Carcedo. Inamovible en el dibujo del entrenador riojano, en cuanto Fran Escrib\u00e1 cogi\u00f3 el tim\u00f3n del conjunto aragon\u00e9s prescindi\u00f3 del centrocampista, a quien tan s\u00f3lo entreg\u00f3 la titularidad en una ocasi\u00f3n, en Albacete. Alarc\u00f3n, refuerzo de invierno, estaba destino a no salir del equipo, pero su falta de peso en la medular ha propiciado que Zapater haya adelantado por completo al chileno. Otro fichaje anunciado a lo grande, Gueye, en realidad ha sido m\u00e1s un titular de pega. El senegal\u00e9s ocupa plaza de reserva y juega minutos de la basura sin la m\u00ednima aportaci\u00f3n.<\/p>\n<p>Eugeni aterriz\u00f3 en el invierno de la temporada pasada y no se descabalg\u00f3 del once en casi toda la segunda vuelta. JIM le tuvo siempre en sus oraciones, de principio a fin. Carcedo le dio muy poca cancha y Escrib\u00e1, en cuatro partidos que no le convencieron. Algo similar ocurri\u00f3 con Grau, con gran influencia en el juego en la recta final del curso pasado y que se ha desvanecido para el actual entrenador. Vada s\u00ed se mantiene entre los principales. Hoy, sin embargo, es uno de los sacrificados por la doble derrota ante el Alav\u00e9s y el M\u00e1laga. Frente al Burgos, el banquillo est\u00e1 poblado de titulares fantasma.<\/p>\n","protected":false},"excerpt":{"rendered":"<p>El Real Zaragoza tendr\u00e1 hoy un banquillo donde la mayor\u00eda de sus jugadores han saboreado la titularidad en alguna de sus etapas zaragocistas. Salvo \u00c1lvaro Rat\u00f3n, que tuvo su momento antes de la contrataci\u00f3n de Cristian \u00c1lvarez, y Pau Sans, reci\u00e9n llegado desdee el juvenil y sin estrenarse en el <a class=\"read-more\" href=\"https:\/\/principesdeparis.es\/principes\/el-banquillo-de-los-titulares-fantasma\/\">Sigue leyendo<\/a><\/p>\n","protected":false},"author":2,"featured_media":10529,"comment_status":"open","ping_status":"open","sticky":false,"template":"","format":"standard","meta":{"footnotes":""},"categories":[13,1],"tags":[],"class_list":["post-10528","post","type-post","status-publish","format-standard","has-post-thumbnail","hentry","category-publicidad","category-real-zaragoza"],"_links":{"self":[{"href":"https:\/\/principesdeparis.es\/principes\/wp-json\/wp\/v2\/posts\/10528","targetHints":{"allow":["GET"]}}],"collection":[{"href":"https:\/\/principesdeparis.es\/principes\/wp-json\/wp\/v2\/posts"}],"about":[{"href":"https:\/\/principesdeparis.es\/principes\/wp-json\/wp\/v2\/types\/post"}],"author":[{"embeddable":true,"href":"https:\/\/principesdeparis.es\/principes\/wp-json\/wp\/v2\/users\/2"}],"replies":[{"embeddable":true,"href":"https:\/\/principesdeparis.es\/principes\/wp-json\/wp\/v2\/comments?post=10528"}],"version-history":[{"count":3,"href":"https:\/\/principesdeparis.es\/principes\/wp-json\/wp\/v2\/posts\/10528\/revisions"}],"predecessor-version":[{"id":10532,"href":"https:\/\/principesdeparis.es\/principes\/wp-json\/wp\/v2\/posts\/10528\/revisions\/10532"}],"wp:featuredmedia":[{"embeddable":true,"href":"https:\/\/principesdeparis.es\/principes\/wp-json\/wp\/v2\/media\/10529"}],"wp:attachment":[{"href":"https:\/\/principesdeparis.es\/principes\/wp-json\/wp\/v2\/media?parent=10528"}],"wp:term":[{"taxonomy":"category","embeddable":true,"href":"https:\/\/principesdeparis.es\/principes\/wp-json\/wp\/v2\/categories?post=10528"},{"taxonomy":"post_tag","embeddable":true,"href":"https:\/\/principesdeparis.es\/principes\/wp-json\/wp\/v2\/tags?post=10528"}],"curies":[{"name":"wp","href":"https:\/\/api.w.org\/{rel}","templated":true}]}}