{"id":10547,"date":"2023-02-27T15:29:04","date_gmt":"2023-02-27T15:29:04","guid":{"rendered":"https:\/\/principesdeparis.es\/principes\/?p=10547"},"modified":"2023-02-27T16:04:11","modified_gmt":"2023-02-27T16:04:11","slug":"escriba-colisiona-con-el-mismo-equipo-de-carcedo","status":"publish","type":"post","link":"https:\/\/principesdeparis.es\/principes\/escriba-colisiona-con-el-mismo-equipo-de-carcedo\/","title":{"rendered":"Escrib\u00e1 colisiona con el mismo equipo de Carcedo"},"content":{"rendered":"<p style=\"text-align: center;\"><strong>El t\u00e9cnico valenciano, a falta de un partido para igualar los 15 de su antecesor, s\u00f3lo ha sumado dos puntos m\u00e1s. Con cuatro goles de ventaja y tres m\u00e1s encajados, el Real Zaragoza reincide en sus graves lagunas cong\u00e9nitas<\/strong><\/p>\n<p>Fran Escrib\u00e1, a un encuentro de igualar los 15 partidos que estuvo Juan Carlos Carcedo, mejora por ahora los n\u00fameros &#8211;no todos&#8211; del Real Zaragoza, pero el rendimiento que est\u00e1 sacando del equipo se aproxima (casi acaricia) al que consigui\u00f3 el entrenador riojano. Comenz\u00f3 su trabajo dotando al equipo de un aire m\u00e1s ofensivo y alegre con la fusi\u00f3n de dos delanteros. La reuni\u00f3n de Giuliano y Mollejo se tradujo en una mayor chispa ofensiva, pero con la llegada de 2023, a excepci\u00f3n de la remontada en Villarreal, se regres\u00f3 a la falta de eficacia rematadora y se fue entrando en una terrible din\u00e1mica defensiva, pilar que sosten\u00eda la esperanza de una posible reacci\u00f3n y que ha desmontado cualquier ilusi\u00f3n. La lesi\u00f3n de Mollejo y la reincidencia de las molestias de Az\u00f3n han descompensado la ya de por s\u00ed d\u00e9bil estructura del bloque, reproduciendo las graves lagunas cong\u00e9nitas de verano que no se han resuelto en invierno.<\/p>\n<p>En definitiva, Escrib\u00e1 ha colisionado con el mismo Real Zaragoza de Carcedo. El resultado de ese cambio en el banquillo no ha surtido el efecto de lanzadera del conjunto aragon\u00e9s hacia posiciones superiores. A falta de 13 jornadas para el ocaso del campeonato, puja por la salvaci\u00f3n con un colch\u00f3n de seguridad de cinco puntos, pero con una imagen muy similar a la de antes de que se produjera el relevo en la direcci\u00f3n. Beb\u00e9 es la \u00fanica gran diferencia entre ambas etapas, un arma exclusiva de largo y corto alcance que Escrib\u00e1 utiliza sin reparos y ya sin disimulada obsesi\u00f3n como principal referencia de mediocampo hacia arriba.<\/p>\n<p>El entrenador ha comenzado a dudar de gran parte de la plantilla, con especial insistencia en Tom\u00e1s Alarc\u00f3n, un mediocentro fichado en la ventana invernal que en teor\u00eda ven\u00eda a dotar de m\u00fasculo a la medular y que ha sido desplazado por Zapater. Cree poco o nada en Grau, Manu Molina, Eugeni y le despiertan sospechas Fuentes, G\u00e1mez, Larrazabal y \u00faltimamente Franc\u00e9s, quien es cierto que ha empeque\u00f1ecido en relaci\u00f3n a sus temporadas anteriores para beneficio de un Llu\u00eds L\u00f3pez que le suple sin elevar en exceso el nivel del canterano. Lo de Gueye, al igual que a Carcedo, le lleva por el camino de la amargura y ha hecho debutar al juvenil Pau Sans ante la incompetencia del senegal\u00e9s y como alternativa desde el banquillo a un Puche decepcionante.<\/p>\n<p>Con el anterior t\u00e9cnico se sumaron 16 puntos gracias a las victorias contra Ponferradina, Sporting, Villarreal B y Tenerife y los empates ante Las Palmas, Levante, Eibar y Oviedo, estos cuatro rivales a\u00fan pendientes en el calendario de la segunda vuelta. El debut de Escrib\u00e1 coincidi\u00f3 con la eliminaci\u00f3n de Copa frente al Diocesano, y despu\u00e9s se han recolectado 18 puntos en Liga con los triunfos sobre Ibiza, Huesca, Villarreal B y Andorra y las igualadas con M\u00e1laga, Burgos en dos ocasiones, Albacete, Mirand\u00e9s y Ponferradina. Con Carcedo se firmaron 9 goles a favor y se encajaron 13 y con Escrib\u00e1 se han conseguido 14 tantos y se han recibido 16. En el Anxo Carro se igualar\u00e1 el n\u00famero de encuentros entre uno y otro, contra un Lugo que se impuso en La Romareda a aquel Real Zaragoza que se parece tanto a este que no ha podido enmascarar Ra\u00fal Sanlleh\u00ed.<\/p>\n","protected":false},"excerpt":{"rendered":"<p>El t\u00e9cnico valenciano, a falta de un partido para igualar los 15 de su antecesor, s\u00f3lo ha sumado dos puntos m\u00e1s. Con cuatro goles de ventaja y tres m\u00e1s encajados, el Real Zaragoza reincide en sus graves lagunas cong\u00e9nitas Fran Escrib\u00e1, a un encuentro de igualar los 15 partidos que <a class=\"read-more\" href=\"https:\/\/principesdeparis.es\/principes\/escriba-colisiona-con-el-mismo-equipo-de-carcedo\/\">Sigue leyendo<\/a><\/p>\n","protected":false},"author":2,"featured_media":10548,"comment_status":"open","ping_status":"open","sticky":false,"template":"","format":"standard","meta":{"footnotes":""},"categories":[13,1],"tags":[],"class_list":["post-10547","post","type-post","status-publish","format-standard","has-post-thumbnail","hentry","category-publicidad","category-real-zaragoza"],"_links":{"self":[{"href":"https:\/\/principesdeparis.es\/principes\/wp-json\/wp\/v2\/posts\/10547","targetHints":{"allow":["GET"]}}],"collection":[{"href":"https:\/\/principesdeparis.es\/principes\/wp-json\/wp\/v2\/posts"}],"about":[{"href":"https:\/\/principesdeparis.es\/principes\/wp-json\/wp\/v2\/types\/post"}],"author":[{"embeddable":true,"href":"https:\/\/principesdeparis.es\/principes\/wp-json\/wp\/v2\/users\/2"}],"replies":[{"embeddable":true,"href":"https:\/\/principesdeparis.es\/principes\/wp-json\/wp\/v2\/comments?post=10547"}],"version-history":[{"count":3,"href":"https:\/\/principesdeparis.es\/principes\/wp-json\/wp\/v2\/posts\/10547\/revisions"}],"predecessor-version":[{"id":10551,"href":"https:\/\/principesdeparis.es\/principes\/wp-json\/wp\/v2\/posts\/10547\/revisions\/10551"}],"wp:featuredmedia":[{"embeddable":true,"href":"https:\/\/principesdeparis.es\/principes\/wp-json\/wp\/v2\/media\/10548"}],"wp:attachment":[{"href":"https:\/\/principesdeparis.es\/principes\/wp-json\/wp\/v2\/media?parent=10547"}],"wp:term":[{"taxonomy":"category","embeddable":true,"href":"https:\/\/principesdeparis.es\/principes\/wp-json\/wp\/v2\/categories?post=10547"},{"taxonomy":"post_tag","embeddable":true,"href":"https:\/\/principesdeparis.es\/principes\/wp-json\/wp\/v2\/tags?post=10547"}],"curies":[{"name":"wp","href":"https:\/\/api.w.org\/{rel}","templated":true}]}}