{"id":10572,"date":"2023-03-03T10:06:23","date_gmt":"2023-03-03T10:06:23","guid":{"rendered":"https:\/\/principesdeparis.es\/principes\/?p=10572"},"modified":"2023-03-03T10:06:23","modified_gmt":"2023-03-03T10:06:23","slug":"escriba-pape-jugara-tambien-en-casa","status":"publish","type":"post","link":"https:\/\/principesdeparis.es\/principes\/escriba-pape-jugara-tambien-en-casa\/","title":{"rendered":"Escrib\u00e1: \u00abPape jugar\u00e1 tambi\u00e9n en casa\u00bb"},"content":{"rendered":"<p><strong>Jair:<\/strong> \u00abJair arrastra algunas molestias, que ya tuvo en el descanso ante el Burgos que nos llev\u00f3 a poner a calentar a Franc\u00e9s. Creemos que puede estar en condiciones pero vamos a esperar\u00bb<\/p>\n<p><strong>Involuci\u00f3n en el gol:<\/strong> \u00abNo coincido en cuanto al gol, aunque sea verdad que estamos haciendo menos,\u00a0 pero en cuanto a generar, en los \u00faltimos partidos hemos tirado m\u00e1s que nuestros rivales. Es cierto que la eficacia en \u00e1rea rival la hemos bajado, si bien estamos a un nivel parecido en general\u00bb.<\/p>\n<p><strong>S\u00f3lo la victoria:<\/strong> \u00abTodos los partidos me los tomo igual. El otro d\u00eda el equipo demostr\u00f3 la importancia del partido. En los 13 que restan vamos a tener opciones, pero s\u00f3lo si hacemos lo mismo que con el Burgos, si no lo pasaremos mal. La diferencia en esta categor\u00eda es tan peque\u00f1a que no estar metido te puede pasar una mala jugada\u00bb.<\/p>\n<p><strong>Trabajar el gol:<\/strong> \u00abMe encantan los ejercicios de finalizaci\u00f3n. Hacemos muchos todas las semanas, pero esto va por rachas. Vamos a darles tranquilidad, que tengan la mente limpia y no obsesionarlos aunque cada uno debe asumir la responsabilidad de su puesto. El gol no s\u00f3lo debe recaer en los delanteros, si no cualquier equipo se queda corto\u00bb.<\/p>\n<p><strong>Delantera, cambios:<\/strong> \u00abLe doy muchas vueltas y lo tengo decidido. Todo buscando lo mejor para el equipo y no en funci\u00f3n del rival. Con independencia del dibujo, siempre buscamos la victoria, de eso nadie nos puede acusar\u00bb.<\/p>\n<p><strong>Giuliano sin marcar:<\/strong> \u00abEs un chico joven y le afecta m\u00e1s por eso. Estaba en una din\u00e1mica muy buena con seis goles aunque no sea un goleador. Estoy conyento con \u00e9l y le he dicho que est\u00e9 tranquilo porque uno quiere tener muchos Giulianos en su equipo, jugadores que se dejan todo en todos los partidos. Cuando menos se lo espere marcar\u00e1 uno dif\u00edcil y la porter\u00eda le parecer\u00e1 m\u00e1s grande y los porteros m\u00e1s peque\u00f1os\u00bb.<\/p>\n<p><strong>Gueye:<\/strong> \u00abUna de mis obligaciones es sacar rendimiento a los futbolistas que no lo est\u00e1n haciendo. El chico est\u00e1 sufriendo al estar en esta jornada sin marcar todav\u00eda, algo que nunca le hab\u00eda ocurrido. Nuestra obligaci\u00f3n es que se revierta la situaci\u00f3n y sigo pensando en que es posible. El otro d\u00eda pienso en el equipo, no en Pape. Giuliano estaba fatigado pero si lo hubiera sacado creo que hubiese perjudicado al grupo. No quiere decir que no vaya a jugar en casa porque lo va a hacer igual que fuera. Ma\u00f1a tambi\u00e9n tiene sus opciones\u00bb.<\/p>\n<p><strong>Az\u00f3n:<\/strong> \u00abImposible para la semana que viene. Veremos la siguiente\u00bb<\/p>\n<p><strong>Luna:<\/strong> \u00abCuento con Marcos porque hizo un buen e inteligente encuentro. Fue algo t\u00edmido en ataque pero me parece bien que en su debut pensara en defender primero. El otro d\u00eda acab\u00f3 agotado por la presi\u00f3n, pero hizo lo que yo le ped\u00ed\u00bb.<\/p>\n<p><strong>Sanlleh\u00ed y usted, tranquilos:<\/strong> \u00abEstoy tranquilo. Sigo pensando lo mismo. No me gusta donde estamos. No cre\u00eda que \u00edbamos a estar en esos puestos y es porque hemos hecho algo mal. El equipo, sin embargo, trabaja bien y con compromiso. Me preocupa mi trabajo y lo vivo as\u00ed, pero en el d\u00eda a d\u00eda estoy tranquilo. Conf\u00edo en el grupo y estoy convencido de que esto lo vamos a sacar. Me gustar\u00eda acabar la temporada dignamente para alcanzar el \u00faltimo mes disfrutando la campa\u00f1a aunque no haya sido la que todos quer\u00edamos\u00bb<\/p>\n<p><strong>Grau y el centro del campo:<\/strong> \u00abHemos buscando un dibujo que nos acerque a la victoria, pero siempre piensas si a lo mejor te puedes quedar corto en ataque si junto gente en el centro del campo. Con la falta de gol que tenemos y la poca aportaci\u00f3n de la segunda l\u00ednea&#8230; A ver si por fortalecer esa zona voy a marcar menos&#8230; Pero s\u00ed nos hemos planteado formar una medular m\u00e1s fuerte.\u00bb<\/p>\n<p><strong>Lugo:<\/strong> \u00abUna final para los dos equipos. Jugar contra un rival as\u00ed va a plantear un partido intenso. Tenemos que saber jugarlo, entendiendo que saldr\u00e1n muy fuertes. Tienen futbolistas interesantes y debemos estar atentos al bal\u00f3n parado, por lo que no hay que conceder faltas en nuestro campo o corners\u00bb.<\/p>\n<p><strong>Temor a lo de M\u00e1laga:<\/strong> \u00abTemor no. El miedo no me acompa\u00f1a en el d\u00eda ad\u00eda. Soy optmista por naturaleza. En el planteamiento que hemos trabajado s\u00f3lo est\u00e1 ganar. No me planteo otra cosa aunque luego aceptaremos lo que ocurra. No nos va a coartar la atm\u00f3sfera porque sabemos lo importante que es este encuentro. Con la victoria no estar\u00edamos en mejor posici\u00f3n, pero s\u00ed algunos puestos m\u00e1s arriba, lo que reforzar\u00eda nuestro \u00e1nimo\u00bb.<\/p>\n","protected":false},"excerpt":{"rendered":"<p>Jair: \u00abJair arrastra algunas molestias, que ya tuvo en el descanso ante el Burgos que nos llev\u00f3 a poner a calentar a Franc\u00e9s. Creemos que puede estar en condiciones pero vamos a esperar\u00bb Involuci\u00f3n en el gol: \u00abNo coincido en cuanto al gol, aunque sea verdad que estamos haciendo menos,\u00a0 <a class=\"read-more\" href=\"https:\/\/principesdeparis.es\/principes\/escriba-pape-jugara-tambien-en-casa\/\">Sigue leyendo<\/a><\/p>\n","protected":false},"author":2,"featured_media":10573,"comment_status":"open","ping_status":"open","sticky":false,"template":"","format":"standard","meta":{"footnotes":""},"categories":[13,1],"tags":[],"class_list":["post-10572","post","type-post","status-publish","format-standard","has-post-thumbnail","hentry","category-publicidad","category-real-zaragoza"],"_links":{"self":[{"href":"https:\/\/principesdeparis.es\/principes\/wp-json\/wp\/v2\/posts\/10572","targetHints":{"allow":["GET"]}}],"collection":[{"href":"https:\/\/principesdeparis.es\/principes\/wp-json\/wp\/v2\/posts"}],"about":[{"href":"https:\/\/principesdeparis.es\/principes\/wp-json\/wp\/v2\/types\/post"}],"author":[{"embeddable":true,"href":"https:\/\/principesdeparis.es\/principes\/wp-json\/wp\/v2\/users\/2"}],"replies":[{"embeddable":true,"href":"https:\/\/principesdeparis.es\/principes\/wp-json\/wp\/v2\/comments?post=10572"}],"version-history":[{"count":2,"href":"https:\/\/principesdeparis.es\/principes\/wp-json\/wp\/v2\/posts\/10572\/revisions"}],"predecessor-version":[{"id":10575,"href":"https:\/\/principesdeparis.es\/principes\/wp-json\/wp\/v2\/posts\/10572\/revisions\/10575"}],"wp:featuredmedia":[{"embeddable":true,"href":"https:\/\/principesdeparis.es\/principes\/wp-json\/wp\/v2\/media\/10573"}],"wp:attachment":[{"href":"https:\/\/principesdeparis.es\/principes\/wp-json\/wp\/v2\/media?parent=10572"}],"wp:term":[{"taxonomy":"category","embeddable":true,"href":"https:\/\/principesdeparis.es\/principes\/wp-json\/wp\/v2\/categories?post=10572"},{"taxonomy":"post_tag","embeddable":true,"href":"https:\/\/principesdeparis.es\/principes\/wp-json\/wp\/v2\/tags?post=10572"}],"curies":[{"name":"wp","href":"https:\/\/api.w.org\/{rel}","templated":true}]}}