{"id":10576,"date":"2023-03-03T11:29:19","date_gmt":"2023-03-03T11:29:19","guid":{"rendered":"https:\/\/principesdeparis.es\/principes\/?p=10576"},"modified":"2023-03-03T11:29:19","modified_gmt":"2023-03-03T11:29:19","slug":"gueye-una-cuestion-de-estado-bananero","status":"publish","type":"post","link":"https:\/\/principesdeparis.es\/principes\/gueye-una-cuestion-de-estado-bananero\/","title":{"rendered":"Gueye, una cuesti\u00f3n de estado bananero"},"content":{"rendered":"<p>Entre la preocupaci\u00f3n por el descenso por mucho que se insista desde la instituci\u00f3n y desde el vestuario en que es un tema m\u00e1s que superable, la lesi\u00f3n casi vitalicia de Az\u00f3n que nadie explica con concreci\u00f3n y la sequ\u00eda goleadora del equipo en general y de Giuliano en particular, se ha colado a estas alturas un debate absurdo en estos d\u00edas de tormentas mucho m\u00e1s importantes. Todo porque Esctrib\u00e1, entre la sinceridad que le caracteriza y le sobra en casos como este, dijo que no hab\u00eda sacado a Pape Gueye contra el Burgos para evitar el runr\u00fan de la grada. Se le agradece ese ir de cara, pero su explicaci\u00f3n se qued\u00f3 corta de franqueza y de prevenci\u00f3n. Podr\u00eda haber dicho lo que todo el mundo y \u00e9l mismo piensa, que el senegal\u00e9s no aporta absolutamente nada porque es un fichaje rid\u00edculo e inservible. Si es pedir mucho semejante declaraci\u00f3n, que lo es, al menos tuvo la oportunidad de explicar el porqu\u00e9 no cont\u00f3 con el delantero con un simple argumento t\u00e9cnico que no dejara al futbolista m\u00e1s expuesto de lo que est\u00e1 a sus propias limitaciones profesionales. Hay que recordarle que el mismo murmullo de la grada lo vivi\u00f3 Rat\u00f3n y no tuvo el m\u00ednimo problema en darle la titularidad&#8230; Por otra parte, en su balanza olvid\u00f3 que Simeone, con calambres y visiblemente agotado, pudo haber sido v\u00edctima de una lesi\u00f3n por proteger el bienestar an\u00edmico del equipo.<\/p>\n<p>Escrib\u00e1 ha salido esta ma\u00f1ana al paso para ratificarse en las causas de su decisi\u00f3n y ha puntualizado que eso no quiere decir que Gueye no vaya a jugar s\u00f3lo fuera de casa sino todo lo contario, que lo har\u00e1 tanto a domicilio como en La Romareda. \u00bfEntonces? \u00bfPara qu\u00e9 se fren\u00f3 su entrada al campo? El Real Zaragoza vive una vez m\u00e1s dentro de un estado bananero, producto de otra temporada frustrante y en la que se suceden cap\u00edtulos de complicada justificaci\u00f3n. El entrenador valenciano, posiblemente uno de los mejores valores del club en estos momentos, est\u00e1 sufriendo la erosi\u00f3n de verse en una tesitura que no contemplaba cuando relev\u00f3 a juan Carlos Carcedo. Sin duda su meta no era luchar por la permanencia sino exprimir al m\u00e1ximo a la plantilla para aproximarse a objetivos m\u00e1s ambiciosos, lo suyos tambi\u00e9n, por supuesto. No es que viniera sin informaci\u00f3n, aunque no del todo informado, sino que desde la direcci\u00f3n general y la deportiva han colaborado para empeorar un contexto ya de por s\u00ed enrevesado y aumentado por las lesiones de Az\u00f3n y Mollejo. Uno de dos los refuerzos de invierno es Alarc\u00f3n, un futbolista menor que est\u00e1 sentado en el banquillo y que deber\u00eda haber musculado el centro del campo.<\/p>\n<p>Hace mucho tiempo que Gueye dej\u00f3 de ser un problema una vez que no pas\u00f3 el control de calidad de Carcedo, de Escrib\u00e1 y del p\u00fablico pese a que Sanlleh\u00ed y la propiedad vieran un fil\u00f3n en el africano, que segurir\u00e1 ligado al fondo de inversi\u00f3n, como ya adelant\u00f3 esta web, por contrato al finalizar la temporada. Que hoy en d\u00eda sea presentado como v\u00edctima de una grada insensible es de un oportunismo intolerable. Gueye se merece todo el respeto del mundo siempre y cuando su comportamiento en los entrenamientos y en los minutos que se le ofrezcan en los partidos sea el de un profesional comprometido. Como no hay pruebas fehacientes de lo contrario, es uno m\u00e1s aunque parezca uno menos. Se ha ganado ese mismo respeto que no se tiene con al aficionado, que asiste de mero espectador a encuentros indigestos, peligros de descenso y una tir\u00e1nica ausencia de victorias y goles en La Romareda como consecuencia de los errores de c\u00e1lculo de unos due\u00f1os sin m\u00e1s v\u00ednculo con el equipo que palabras vac\u00edas de contendido y continente. Antes habr\u00eda ardido el estadio; ahora se escucha un runr\u00fan. Felices deber\u00edan estar Escrib\u00e1 y Gueye de estos fuegos de artificio por semejante memez.<\/p>\n","protected":false},"excerpt":{"rendered":"<p>Entre la preocupaci\u00f3n por el descenso por mucho que se insista desde la instituci\u00f3n y desde el vestuario en que es un tema m\u00e1s que superable, la lesi\u00f3n casi vitalicia de Az\u00f3n que nadie explica con concreci\u00f3n y la sequ\u00eda goleadora del equipo en general y de Giuliano en particular, <a class=\"read-more\" href=\"https:\/\/principesdeparis.es\/principes\/gueye-una-cuestion-de-estado-bananero\/\">Sigue leyendo<\/a><\/p>\n","protected":false},"author":2,"featured_media":10578,"comment_status":"open","ping_status":"open","sticky":false,"template":"","format":"standard","meta":{"footnotes":""},"categories":[13,1],"tags":[],"class_list":["post-10576","post","type-post","status-publish","format-standard","has-post-thumbnail","hentry","category-publicidad","category-real-zaragoza"],"_links":{"self":[{"href":"https:\/\/principesdeparis.es\/principes\/wp-json\/wp\/v2\/posts\/10576","targetHints":{"allow":["GET"]}}],"collection":[{"href":"https:\/\/principesdeparis.es\/principes\/wp-json\/wp\/v2\/posts"}],"about":[{"href":"https:\/\/principesdeparis.es\/principes\/wp-json\/wp\/v2\/types\/post"}],"author":[{"embeddable":true,"href":"https:\/\/principesdeparis.es\/principes\/wp-json\/wp\/v2\/users\/2"}],"replies":[{"embeddable":true,"href":"https:\/\/principesdeparis.es\/principes\/wp-json\/wp\/v2\/comments?post=10576"}],"version-history":[{"count":1,"href":"https:\/\/principesdeparis.es\/principes\/wp-json\/wp\/v2\/posts\/10576\/revisions"}],"predecessor-version":[{"id":10577,"href":"https:\/\/principesdeparis.es\/principes\/wp-json\/wp\/v2\/posts\/10576\/revisions\/10577"}],"wp:featuredmedia":[{"embeddable":true,"href":"https:\/\/principesdeparis.es\/principes\/wp-json\/wp\/v2\/media\/10578"}],"wp:attachment":[{"href":"https:\/\/principesdeparis.es\/principes\/wp-json\/wp\/v2\/media?parent=10576"}],"wp:term":[{"taxonomy":"category","embeddable":true,"href":"https:\/\/principesdeparis.es\/principes\/wp-json\/wp\/v2\/categories?post=10576"},{"taxonomy":"post_tag","embeddable":true,"href":"https:\/\/principesdeparis.es\/principes\/wp-json\/wp\/v2\/tags?post=10576"}],"curies":[{"name":"wp","href":"https:\/\/api.w.org\/{rel}","templated":true}]}}