{"id":10583,"date":"2023-03-05T16:24:40","date_gmt":"2023-03-05T16:24:40","guid":{"rendered":"https:\/\/principesdeparis.es\/principes\/?p=10583"},"modified":"2023-03-05T16:52:38","modified_gmt":"2023-03-05T16:52:38","slug":"grau-puebla-la-medular-en-un-real-zaragoza-con-un-solo-punta","status":"publish","type":"post","link":"https:\/\/principesdeparis.es\/principes\/grau-puebla-la-medular-en-un-real-zaragoza-con-un-solo-punta\/","title":{"rendered":"Grau puebla la medular en un Real Zaragoza con un solo punta"},"content":{"rendered":"<p>Fran Escrib\u00e1 ha optado por superpoblar el centro del campo con el regreso a la titularidad de Jaume Grau como ancla defensiva para acompa\u00f1ar a Zapater, Francho, Bermejo y Beb\u00e9, por lo que renuncia de nuevo, como ya hizo en M\u00e1laga, a jugar con dos delanteros. El Real Zaragoza actuar\u00e1 tan s\u00f3lo con Giuliano en punta en un planteamiento que busca el control del encuentro. S\u00f3lo se produce un cambio en el once pero muy significativo porque el t\u00e9cnico valenciano estrena un novedoso dibujo en el encuentro frente al Lugo. Con Grau de pivote, que no entraba en el equipo desde el inicio desde la jornada 18 ante el Ibiza, la clara intenci\u00f3n del equipo aragon\u00e9s es complicarle la vida a un rival con notables problemas para llegar al \u00e1rea y marcar.<\/p>\n<p>Como jugar con dos atacantes desde que se lesion\u00f3 Mollejo no le ha dado demasiados r\u00e9ditos ni tampoco la figura de Vada de enganche le ha llegado a convencer, Escrib\u00e1 da virado hacia la masificaci\u00f3n de una zona que pretende gobernar para protegerse a la espera de que, si Simeone contin\u00faa sin ver puerta, alguien de la segunda l\u00ednea se sume tambi\u00e9n a la cuenta goleadora. Con este giro conservador, el conjunto aragon\u00e9s, donde no hay m\u00e1s variantes y sigue Luna en lugar del sancionado G\u00e1mez, se enlata sin pudor en la lucha por tres puntos que le son muy necesarios para no complicarse a\u00fan m\u00e1s en la clasificaci\u00f3n. El equipo de Carrillo saldr\u00e1 a l<\/p>\n<div class=\"wp-menu-arrow\">\n<div><\/div>\n<\/div>\n<div class=\"wp-menu-image dashicons-before dashicons-admin-comments\" aria-hidden=\"true\"><\/div>\n<div class=\"wp-menu-name\">Comentarios <span class=\"awaiting-mod count-14\"><span class=\"pending-count\" aria-hidden=\"true\">14<\/span><span class=\"comments-in-moderation-text screen-reader-text\">14 comentarios en moderaci\u00f3n<\/span><\/span><\/div>\n<p>a brava en la que es la primera de las 13 finales que le restan para perseguir una permanencia casi imposible, y Escrib\u00e1 quiere domesticar las embestidas locales.<\/p>\n<p>Esta apuesta in\u00e9dita abriga con grosor al equipo, pero queda la inc\u00f3gnita de c\u00f3mo ser\u00e1 interpretada por los jugadores en un territorio tan fragmentado y con tantos protagonistas de por medio. Se da por hecho que Beb\u00e9 mantendr\u00e1 su condici\u00f3n de ca\u00f1\u00f3n y de elemento desestabilizador la la izquierda a la espera de que Bermejo y Francho puedan descolgarse en ayuda de el Cholito, una vez m\u00e1s a la intemperie. El Real Zaragoza quiere jugar con los nervios del Lugo y minimizar sus urgencias, que las tiene. El partido, de arranque y seguramente sobre el campo,\u00a0 es una convenci\u00f3n de psicolog\u00eda.<\/p>\n<p>La alineaci\u00f3n del Lugo<\/p>\n<blockquote class=\"twitter-tweet\">\n<p dir=\"ltr\" lang=\"es\">|ALI\u00d1ACI\u00d3N| &#x1f465;<\/p>\n<p>Este \u00e9 o 1&#xfe0f;&#x20e3;1&#xfe0f;&#x20e3; de Joan <a href=\"https:\/\/twitter.com\/hashtag\/Carrillo?src=hash&amp;ref_src=twsrc%5Etfw\">#Carrillo<\/a> para o encontro desta tarde fronte ao <a href=\"https:\/\/twitter.com\/RealZaragoza?ref_src=twsrc%5Etfw\">@RealZaragoza<\/a>! <a href=\"https:\/\/twitter.com\/hashtag\/ADeputaci%C3%B3ndeLugoCoDeporte?src=hash&amp;ref_src=twsrc%5Etfw\">#ADeputaci\u00f3ndeLugoCoDeporte<\/a><a href=\"https:\/\/twitter.com\/hashtag\/LugoRealZaragoza?src=hash&amp;ref_src=twsrc%5Etfw\">#LugoRealZaragoza<\/a> <a href=\"https:\/\/twitter.com\/hashtag\/ForzaLugo?src=hash&amp;ref_src=twsrc%5Etfw\">#ForzaLugo<\/a> <a href=\"https:\/\/t.co\/hYUDghO846\">pic.twitter.com\/hYUDghO846<\/a><\/p>\n<p>\u2014 Club Deportivo Lugo (@CDeportivoLugo) <a href=\"https:\/\/twitter.com\/CDeportivoLugo\/status\/1632418275496714243?ref_src=twsrc%5Etfw\">March 5, 2023<\/a><\/p><\/blockquote>\n<p><script async src=\"https:\/\/platform.twitter.com\/widgets.js\" charset=\"utf-8\"><\/script><\/p>\n<p>&nbsp;<\/p>\n","protected":false},"excerpt":{"rendered":"<p>Fran Escrib\u00e1 ha optado por superpoblar el centro del campo con el regreso a la titularidad de Jaume Grau como ancla defensiva para acompa\u00f1ar a Zapater, Francho, Bermejo y Beb\u00e9, por lo que renuncia de nuevo, como ya hizo en M\u00e1laga, a jugar con dos delanteros. El Real Zaragoza actuar\u00e1 <a class=\"read-more\" href=\"https:\/\/principesdeparis.es\/principes\/grau-puebla-la-medular-en-un-real-zaragoza-con-un-solo-punta\/\">Sigue leyendo<\/a><\/p>\n","protected":false},"author":2,"featured_media":10584,"comment_status":"open","ping_status":"open","sticky":false,"template":"","format":"standard","meta":{"footnotes":""},"categories":[13,1],"tags":[],"class_list":["post-10583","post","type-post","status-publish","format-standard","has-post-thumbnail","hentry","category-publicidad","category-real-zaragoza"],"_links":{"self":[{"href":"https:\/\/principesdeparis.es\/principes\/wp-json\/wp\/v2\/posts\/10583","targetHints":{"allow":["GET"]}}],"collection":[{"href":"https:\/\/principesdeparis.es\/principes\/wp-json\/wp\/v2\/posts"}],"about":[{"href":"https:\/\/principesdeparis.es\/principes\/wp-json\/wp\/v2\/types\/post"}],"author":[{"embeddable":true,"href":"https:\/\/principesdeparis.es\/principes\/wp-json\/wp\/v2\/users\/2"}],"replies":[{"embeddable":true,"href":"https:\/\/principesdeparis.es\/principes\/wp-json\/wp\/v2\/comments?post=10583"}],"version-history":[{"count":10,"href":"https:\/\/principesdeparis.es\/principes\/wp-json\/wp\/v2\/posts\/10583\/revisions"}],"predecessor-version":[{"id":10594,"href":"https:\/\/principesdeparis.es\/principes\/wp-json\/wp\/v2\/posts\/10583\/revisions\/10594"}],"wp:featuredmedia":[{"embeddable":true,"href":"https:\/\/principesdeparis.es\/principes\/wp-json\/wp\/v2\/media\/10584"}],"wp:attachment":[{"href":"https:\/\/principesdeparis.es\/principes\/wp-json\/wp\/v2\/media?parent=10583"}],"wp:term":[{"taxonomy":"category","embeddable":true,"href":"https:\/\/principesdeparis.es\/principes\/wp-json\/wp\/v2\/categories?post=10583"},{"taxonomy":"post_tag","embeddable":true,"href":"https:\/\/principesdeparis.es\/principes\/wp-json\/wp\/v2\/tags?post=10583"}],"curies":[{"name":"wp","href":"https:\/\/api.w.org\/{rel}","templated":true}]}}