{"id":10614,"date":"2023-03-07T14:17:50","date_gmt":"2023-03-07T14:17:50","guid":{"rendered":"https:\/\/principesdeparis.es\/principes\/?p=10614"},"modified":"2023-03-08T12:35:39","modified_gmt":"2023-03-08T12:35:39","slug":"jair-renueva-hasta-20225","status":"publish","type":"post","link":"https:\/\/principesdeparis.es\/principes\/jair-renueva-hasta-20225\/","title":{"rendered":"Jair renueva hasta 2025"},"content":{"rendered":"<p>El Real Zaragoza y Jair Amador, que cumplir\u00e1 34 a\u00f1os el pr\u00f3ximo 21 de agosto, han llegado por fin est\u00e1 tarde a un acuerdo para que el futbolista renueve por el club hasta 2025, relaci\u00f3n contractual que tambi\u00e9n supone una mejora econ\u00f3mica para que el defensor se sit\u00fae en un nivel medio alto de emolumentos (unos 300.000 euros). En el nuevo contrato, que se confirma despu\u00e9s de un tenso y largo periodo de negociaci\u00f3n al intentar primero Miguel Torrecilla y despu\u00e9s Juan Carlos Cordero que ese nuevo v\u00ednculo fuera por tan s\u00f3lo un curso, contempla una cl\u00e1usula de opci\u00f3n para una tercera temporada m\u00e1s en funci\u00f3n del rendimiento del portugu\u00e9s, quien lleg\u00f3 al conjunto aragon\u00e9s en el verano de 2020 procedente del Maccabi Tel Aviv de la mano del antiguo director deportivo, Lalo Arantegui.\u00a0 Entonces, al igual que ahora, firm\u00f3 por dos temporadas con otro a\u00f1o prorrogable cuando cumpliera 50 partidos oficiales con un m\u00ednimo de participaci\u00f3n de 45 minutos en cada uno de ellos, condici\u00f3n que se cumpli\u00f3 y que alarg\u00f3 su relaci\u00f3n con el equipo hasta 2023.<\/p>\n<p>El central ha disputado 94 partidos, 92 de ellos de titular, y ha marcado cuatro goles siendo el jugador de campo (s\u00f3lo superado en la plantilla por Cristian) con m\u00e1s intervenciones. Durante este tiempo de pulso negociador por ambas partes, el defensa, que ya actuaba con libertad desde enero para decidir su futuro, ha escuchado otras ofertas, pero al final se ha decidido por la del Real Zaragoza una vez que se han cumplido los requisitos que solicitaba para tener la opci\u00f3n de seguir en el equipo hasta 2026. Indiscutible para Juan Ignacio Mart\u00ednez, Juan Carlos Carcedo pese a que le sentara en el banquillo en tres ocasiones, y para Fran Escrib\u00e1, tuvo unas molestias en la rodilla al comienzo de su etapa zaragocista que le impidieron entrar con asiduidad en el once hasta la jornada 13.\u00a0 Desde ese momento se convirti\u00f3 en el pilar de la retaguardia gracias a su regularidad y su jerarqu\u00eda en el juego a\u00e9reo, compartiendo espacio con Guiti\u00e1n, Peybernes, Llu\u00eds L\u00f3pez y sobre todo Franc\u00e9s.\u00a0 Esta renovaci\u00f3n supone la octava que ejecuta bajo la administraci\u00f3n de la actual propiedad: Franc\u00e9s (2025), Francho (2025), Az\u00f3n (2025), Puche (2025), Bermejo\u00a0 (2025), Cristian \u00c1lvarez (2024) y Luna (2026). Fran G\u00e1mez activ\u00f3 de forma unilateral un a\u00f1o m\u00e1s su contrato al jugar los 55 encuentros que figuraban en su compromiso al fichar del Mallorca.<\/p>\n<blockquote class=\"twitter-tweet\">\n<p lang=\"es\" dir=\"ltr\">Jair Amador renueva con el Real Zaragoza hasta 2025 <\/p>\n<p>&#x1f517; <a href=\"https:\/\/t.co\/Rku1Ht1XwU\">https:\/\/t.co\/Rku1Ht1XwU<\/a> <a href=\"https:\/\/twitter.com\/hashtag\/DefendiendoAlLe%C3%B3n?src=hash&amp;ref_src=twsrc%5Etfw\">#DefendiendoAlLe\u00f3n<\/a> &#x1f981; <a href=\"https:\/\/t.co\/TV9DMNxDQL\">pic.twitter.com\/TV9DMNxDQL<\/a><\/p>\n<p>&mdash; Real Zaragoza &#x1f981; (@RealZaragoza) <a href=\"https:\/\/twitter.com\/RealZaragoza\/status\/1633441927679946754?ref_src=twsrc%5Etfw\">March 8, 2023<\/a><\/p><\/blockquote>\n<p> <script async src=\"https:\/\/platform.twitter.com\/widgets.js\" charset=\"utf-8\"><\/script><\/p>\n<blockquote class=\"twitter-tweet\">\n<p lang=\"es\" dir=\"ltr\">\u201c             \u201d<\/p>\n<p>\u2014 Jair Amador  <a href=\"https:\/\/t.co\/TyUPfmjygt\">pic.twitter.com\/TyUPfmjygt<\/a><\/p>\n<p>&mdash; Real Zaragoza  (@RealZaragoza) <a href=\"https:\/\/twitter.com\/RealZaragoza\/status\/1633444956739338241?ref_src=twsrc%5Etfw\">March 8, 2023<\/a><\/p><\/blockquote>\n<p> <script async src=\"https:\/\/platform.twitter.com\/widgets.js\" charset=\"utf-8\"><\/script><\/p>\n","protected":false},"excerpt":{"rendered":"<p>El Real Zaragoza y Jair Amador, que cumplir\u00e1 34 a\u00f1os el pr\u00f3ximo 21 de agosto, han llegado por fin est\u00e1 tarde a un acuerdo para que el futbolista renueve por el club hasta 2025, relaci\u00f3n contractual que tambi\u00e9n supone una mejora econ\u00f3mica para que el defensor se sit\u00fae en un <a class=\"read-more\" href=\"https:\/\/principesdeparis.es\/principes\/jair-renueva-hasta-20225\/\">Sigue leyendo<\/a><\/p>\n","protected":false},"author":2,"featured_media":10625,"comment_status":"open","ping_status":"open","sticky":false,"template":"","format":"standard","meta":{"footnotes":""},"categories":[13,1],"tags":[],"class_list":["post-10614","post","type-post","status-publish","format-standard","has-post-thumbnail","hentry","category-publicidad","category-real-zaragoza"],"_links":{"self":[{"href":"https:\/\/principesdeparis.es\/principes\/wp-json\/wp\/v2\/posts\/10614","targetHints":{"allow":["GET"]}}],"collection":[{"href":"https:\/\/principesdeparis.es\/principes\/wp-json\/wp\/v2\/posts"}],"about":[{"href":"https:\/\/principesdeparis.es\/principes\/wp-json\/wp\/v2\/types\/post"}],"author":[{"embeddable":true,"href":"https:\/\/principesdeparis.es\/principes\/wp-json\/wp\/v2\/users\/2"}],"replies":[{"embeddable":true,"href":"https:\/\/principesdeparis.es\/principes\/wp-json\/wp\/v2\/comments?post=10614"}],"version-history":[{"count":11,"href":"https:\/\/principesdeparis.es\/principes\/wp-json\/wp\/v2\/posts\/10614\/revisions"}],"predecessor-version":[{"id":10638,"href":"https:\/\/principesdeparis.es\/principes\/wp-json\/wp\/v2\/posts\/10614\/revisions\/10638"}],"wp:featuredmedia":[{"embeddable":true,"href":"https:\/\/principesdeparis.es\/principes\/wp-json\/wp\/v2\/media\/10625"}],"wp:attachment":[{"href":"https:\/\/principesdeparis.es\/principes\/wp-json\/wp\/v2\/media?parent=10614"}],"wp:term":[{"taxonomy":"category","embeddable":true,"href":"https:\/\/principesdeparis.es\/principes\/wp-json\/wp\/v2\/categories?post=10614"},{"taxonomy":"post_tag","embeddable":true,"href":"https:\/\/principesdeparis.es\/principes\/wp-json\/wp\/v2\/tags?post=10614"}],"curies":[{"name":"wp","href":"https:\/\/api.w.org\/{rel}","templated":true}]}}