{"id":10622,"date":"2023-03-07T15:25:49","date_gmt":"2023-03-07T15:25:49","guid":{"rendered":"https:\/\/principesdeparis.es\/principes\/?p=10622"},"modified":"2023-03-08T12:37:52","modified_gmt":"2023-03-08T12:37:52","slug":"el-futuro-es-el-presente","status":"publish","type":"post","link":"https:\/\/principesdeparis.es\/principes\/el-futuro-es-el-presente\/","title":{"rendered":"Por la ventana de verano entra un porvenir muy fr\u00edo"},"content":{"rendered":"<p style=\"text-align: center;\"><strong>La pol\u00edtica de renovaciones, la intenci\u00f3n de incidir en las cesiones y el peso de futbolistas con contrato que no cuentan o no dan la talla descubren que la propiedad del Real Zaragoza mantendr\u00e1 su l\u00ednea conservadora sin un proyecto ambicioso de cara a la pr\u00f3xima temporada<\/strong><\/p>\n<p>Sin la permanencia por consumar por muy pr\u00f3xima que est\u00e9 m\u00e1s por las se\u00f1ales de desmembramiento deportivo que emiten los cuatro \u00faltimos que por los argumentos que expone un Real Zaragoza vaciado de herramientas para conseguirlo por s\u00ed mismo (aunque algo tendr\u00e1 que colaborar), la propiedad va dejando poco a poco avisos de lo que pretende de cara al pr\u00f3ximo curso. El principal fue el de su director general, que en recientes declaraciones condicion\u00f3 el futuro a la respuesta de los abonados, al puesto en la clasificaci\u00f3n y el l\u00edmite salarial que establezca la Liga. Es decir que aunque <strong>Juan Carlos Cordero<\/strong> est\u00e9 trabajando en la configuraci\u00f3n de la plantilla, el ejecutivo no podr\u00e1 concretar operaciones con fundamento como m\u00ednimo hasta el mes de mayo. Para esas fechas, por lo general, cualquier club tiene m\u00e1s o menos confeccionado su equipo.<\/p>\n<p>Puede que el Real Zaragoza lo haya hecho ya. La pol\u00edtica de renovaciones, la intenci\u00f3n de dar continuidad a algunas cesiones y la ambig\u00fcedad sobre sus intenciones a medio largo plazo descubren que el fondo de inversi\u00f3n mantendr\u00e1 unan vez m\u00e1s su l\u00ednea conservadora sin un proyecto ambicioso de cara a la pr\u00f3xima temporada. Deber\u00e1 hacer frente a una obligada reforma por la conclusi\u00f3n de los contratos de <strong>Rat\u00f3n<\/strong> y<strong> Zapater<\/strong> y las espinosas cl\u00e1usulas de a\u00f1o condicional que tienen<strong> Llu\u00eds L\u00f3pez (dos), Rebollo (3), Vigaray, Larrazabal<\/strong> y <strong>Vada<\/strong>, situaciones en las que s\u00f3lo el argentino tiene la \u00faltima palabra. Con <strong>Jairo Quinteros<\/strong>, con compromiso hasta 2024, se busca una salida sin que, por ahora, se haya encontrado, mientras que hasta esa misma fecha est\u00e1n vinculados <strong>Eugeni, Manu Molina<\/strong>, y<strong> Nieto<\/strong>, futbolistas de acompa\u00f1amiento, y un a\u00f1o m\u00e1s Grau. <strong>Igbekeme<\/strong>, cedido al Wisla Cracovia tras una ininteligible renovaci\u00f3n antes de irse al Columbus Crew, regresar\u00e1 en junio, al igual que<strong> Sabin Merino<\/strong>, a pr\u00e9stamo en el Atl\u00e9tico San Luis y ligado a la entidad hasta 2025. El director deportivo har\u00e1 frente a una serie de operaciones fatigosas en el caso de rescindir compromisos, lo que supondr\u00eda desembolsos (alguno importante), u optar por la v\u00eda de nuevas cesiones.<\/p>\n<p>Antes de entrar dejen salir. Bajo esa premisa, la morosidad puede dominar los tiempos y afectar a la remodelaci\u00f3n o lavado de cara dependiendo del contexto final. Se quiere prolongar la sinergia con Giuliano y es posible que con <strong>Mollejo<\/strong>, ambos del Atl\u00e9tico, con Fuentes y Alarc\u00f3n no se ejecutar\u00e1 o solicitar\u00e1 continuidad alguna mientras que Beb\u00e9 regresar\u00e1 a la disciplina del Rayo Vallecano. El caso de <strong>Makhtar Gueye<\/strong> traer\u00e1 cola cuando se destape la letra peque\u00f1a de su contrato.<strong> Sanlleh\u00ed<\/strong> insiste que la opci\u00f3n de compra existente s\u00f3lo se realizar\u00e1 en caso de ascenso (tres millones), pero lo cierto es que el fondo de inversi\u00f3n tiene apalabrado su fichaje (dos millones). La cuesti\u00f3n es descubrir cu\u00e1l ser\u00e1 el destino final del senegal\u00e9s, sin descartar que siga en La Romareda. En esta campa\u00f1a en marcha de todas incorporaciones s\u00f3lo han tenido cierta notoriedad<strong> Simeone,<\/strong> asumiendo con car\u00e1cter una responsabilidad que no le correspond\u00eda y que est\u00e1 acusando, y <strong>Beb\u00e9<\/strong> a r\u00e1fagas, avalado por su violento disparo y una calidad t\u00e9cnica de superior categor\u00eda.<\/p>\n<p>La prolongaci\u00f3n y mejora de contratos <strong>Franc\u00e9s, Az\u00f3n, Francho<\/strong> y no tanto de<strong> Puche<\/strong> era una obligaci\u00f3n deportiva y moral de los nuevos due\u00f1os, que los han utilizado de bandera sin entregarles apenas armas para la batalla. Fundamentales los tres primeros para salvar al equipo del descenso en dos ocasiones, su continuidad era una cuesti\u00f3n de \u00e9tica y de aprovechamiento de sus valores canteranos. Firmados hasta 2025, su pasi\u00f3n y compromiso en esta sucesi\u00f3n de guerras por la permanencia les ha pasado factura, porque sin restarles ning\u00fan m\u00e9rito, la realidad es que dentro de un conjunto tan exento de calidad su proceso de crecimiento se ha estacando al estar sujeto a un ecosistema tan pobre de aprendizaje. A ellos se han unido el vigoroso <strong>Marcos Luna<\/strong> hasta 2026 y un<strong> Marc Aguado<\/strong> (2025) de estupendo rendimiento en el Andorra despu\u00e9s de que hayan rubricado tambi\u00e9n este ejercicio <strong>Cristian (2024), G\u00e1mez (2024), Bermejo (2025) y Jair (2025), este ha firmado este mismo martes por la tarde<\/strong>. El portero contin\u00faa siendo una garant\u00eda a sus 36 a\u00f1os y el central, a punto de cumplir los 34, es un defensa poderoso y disciplinado a quien se le han admitido dos a\u00f1os m\u00e1s y una n\u00f3mina alta que podr\u00edan cuestionarse en un marco de cambio hacia algo diferente y mejor. Lo del centrocampista es otra cuesti\u00f3n insondable para la raz\u00f3n, un jugador fijo con los entrenadores y que aporta muy poca sustancia al f\u00fatbol efectivo.<\/p>\n<p>Con este panorama por delante, por la ventana de verano entra un porvenir bastante fr\u00edo, lejos de la temperatura que reclama un equipo con aspiraciones de ascenso o por luchar estar cerca de \u00e9l. A la espera de acontecimientos financieros favorables que reclama Sanlleh\u00ed sin aludir al compromiso deportivo del grupo al que representa, la consiguiente tardanza que supondr\u00e1 la espera y que Cordero sea capaz de precisar en las entradas y en las salidas con la obligaci\u00f3n de acertar de una vez por todas con el delantero diferencial, el Real Zaragoza del futuro se parece demasiado al del presente, que a\u00fan est\u00e1 pendiente de confirmar la salvaci\u00f3n o de que le echen una mano el resto.<\/p>\n","protected":false},"excerpt":{"rendered":"<p>La pol\u00edtica de renovaciones, la intenci\u00f3n de incidir en las cesiones y el peso de futbolistas con contrato que no cuentan o no dan la talla descubren que la propiedad del Real Zaragoza mantendr\u00e1 su l\u00ednea conservadora sin un proyecto ambicioso de cara a la pr\u00f3xima temporada Sin la permanencia <a class=\"read-more\" href=\"https:\/\/principesdeparis.es\/principes\/el-futuro-es-el-presente\/\">Sigue leyendo<\/a><\/p>\n","protected":false},"author":2,"featured_media":10626,"comment_status":"open","ping_status":"open","sticky":false,"template":"","format":"standard","meta":{"footnotes":""},"categories":[13,1],"tags":[],"class_list":["post-10622","post","type-post","status-publish","format-standard","has-post-thumbnail","hentry","category-publicidad","category-real-zaragoza"],"_links":{"self":[{"href":"https:\/\/principesdeparis.es\/principes\/wp-json\/wp\/v2\/posts\/10622","targetHints":{"allow":["GET"]}}],"collection":[{"href":"https:\/\/principesdeparis.es\/principes\/wp-json\/wp\/v2\/posts"}],"about":[{"href":"https:\/\/principesdeparis.es\/principes\/wp-json\/wp\/v2\/types\/post"}],"author":[{"embeddable":true,"href":"https:\/\/principesdeparis.es\/principes\/wp-json\/wp\/v2\/users\/2"}],"replies":[{"embeddable":true,"href":"https:\/\/principesdeparis.es\/principes\/wp-json\/wp\/v2\/comments?post=10622"}],"version-history":[{"count":8,"href":"https:\/\/principesdeparis.es\/principes\/wp-json\/wp\/v2\/posts\/10622\/revisions"}],"predecessor-version":[{"id":10639,"href":"https:\/\/principesdeparis.es\/principes\/wp-json\/wp\/v2\/posts\/10622\/revisions\/10639"}],"wp:featuredmedia":[{"embeddable":true,"href":"https:\/\/principesdeparis.es\/principes\/wp-json\/wp\/v2\/media\/10626"}],"wp:attachment":[{"href":"https:\/\/principesdeparis.es\/principes\/wp-json\/wp\/v2\/media?parent=10622"}],"wp:term":[{"taxonomy":"category","embeddable":true,"href":"https:\/\/principesdeparis.es\/principes\/wp-json\/wp\/v2\/categories?post=10622"},{"taxonomy":"post_tag","embeddable":true,"href":"https:\/\/principesdeparis.es\/principes\/wp-json\/wp\/v2\/tags?post=10622"}],"curies":[{"name":"wp","href":"https:\/\/api.w.org\/{rel}","templated":true}]}}