{"id":10663,"date":"2023-03-11T09:39:13","date_gmt":"2023-03-11T09:39:13","guid":{"rendered":"https:\/\/principesdeparis.es\/principes\/?p=10663"},"modified":"2023-03-11T09:39:13","modified_gmt":"2023-03-11T09:39:13","slug":"escriba-quiero-que-la-aficion-este-con-todos-incluso-con-gueye-si-juega","status":"publish","type":"post","link":"https:\/\/principesdeparis.es\/principes\/escriba-quiero-que-la-aficion-este-con-todos-incluso-con-gueye-si-juega\/","title":{"rendered":"Escrib\u00e1: \u00abQuiero que la afici\u00f3n est\u00e9 con todos, incluso con Gueye si juega\u00bb"},"content":{"rendered":"<p><strong>Renovaci\u00f3n de Jair:<\/strong> \u00abMe alegro mucho. Ha dado muy buen rendimiento y todav\u00eda tiene muchas temporadas por delante. Un jugador b\u00e1sico para el proyecto\u00bb.<\/p>\n<p><strong>Francho:<\/strong> \u00abLo tiene complicado. Es un proceso v\u00edrico que s\u00f3lo le ha afectado a \u00e9l. De normal, no llegar\u00e1\u00bb.<\/p>\n<p><strong>Falta de gol:<\/strong> \u00abLo trabajamos muy parecido siempre. Hacemos muchos ejercicios de finalizaci\u00f3n, de los que m\u00e1s hacen. Cunado ocurre que tenemos falta de gol, no le doy m\u00e1s importancia de la que tiene porque es c\u00edclico en todos los equipos y en jugadores. La mejor forma de tratar esto es con la normalidad que da la competici\u00f3n. Cualquier goleador tiene rachas de no marcar y luego est\u00e1 siete jornadas haci\u00e9ndolo. Ocurre y el d\u00eda que menos lo esperas se rompen la racha. No se puede trabajar m\u00e1s en esta situaciones porque das a entender que si no chutas m\u00e1s no vas a marcar\u00bb.<\/p>\n<p><strong>Ganar de nuevo:<\/strong> \u00abMuy importante. Ven\u00edamos de dos sin encajar y antes de otros dos donde hab\u00edamos bajado arriba. Lo hemos corregido en ambas facetas. Ser s\u00f3lidos atr\u00e1s y estaremos m\u00e1s cerca de ganar. Estamos un momento clave en la temporada y La Romareda debe ser un sitio de m\u00e1xima motivaci\u00f3n, no de bloqueo\u00bb.<\/p>\n<p><em><strong>Bebedependencia<\/strong><\/em>: \u00abS\u00ed que es cierto. Condicona desdde el punto de vista positivo. beb\u00e9, apierna cambiada, cuando va por fuera busca el disparo y por dentro no deja&#8230; Prefemos explotar eso porque tiene gil y una pegada muy importante. Queremos que lo siga haciendo. Esto es positivo, no negativo\u00bb<\/p>\n<p><strong>El puesto final:<\/strong> \u00abNo me condiciona. S\u00f3lo pienso en estos doce partidos. S\u00f3lo piennso en ganar ma\u00f1ana y acabar la temporada lo mejor posible. Sumar de tres es lo m\u00e1s inmediato\u00bb.<\/p>\n<p><strong>Franc\u00e9s no juega:<\/strong> \u00abElijo a aquellos que creo que van a dar el mejor rendimiento. No es un futbolista que no me guste, no soy sospechoso de eso, pero debo pensar en el equipo aunque me equivoque. Ni pienso que est\u00e1 fuera del equipo, sino muy dentro. Salvo Francho o Jair todos han tenido sus opciones. No est\u00e1 eliminado y puede jugar em cualquier momento, ma\u00f1ana mismo\u00bb.<\/p>\n<p><strong>Luna o G\u00e1mez:<\/strong> \u00abPiensas en lo que viene y en qu\u00e9 tipo de delanteros tiene el otro equipo. Estoy muy contento con Luna, lo \u00fanico a ver si puede aguantarnos los 90 minutos\u00bb.<\/p>\n<p><strong>Sistema de dos delanteros:<\/strong> \u00abNo hago el sistema para que se distinga el equipo por ello. En funci\u00f3n del partido muevo jugadores pero con la misma idea,. Podemos funcionar bien con uno o dos delanteros. No cambia mucho. En Lugo hicimos cambios ofensivos, m\u00e1s que el Lugo&#8230; Con independencia del resultado y los sistemas s\u00f3lo pensamos en ganar. Con Pau Sans lo \u00fanico que quiero es no pedirle nada. Juegue quien juegue, todos llevan nuestra camiseta. No hay que pedir nada a la gente, a la afici\u00f3n, pero quiero que est\u00e9n a muerte con la gente, tambi\u00e9n si juega Pape Gueye. En ocasiones, en el f\u00fatbol, se habla de mercenarios, pero c\u00f3mo lo van a ser Pau, Puche, Francho, Zapater, Franc\u00e9s, Az\u00f3n e incluso Cristian&#8230; Todos se van dejar todo con independencia de qui\u00e9n juegue\u00bb.<\/p>\n<p><strong>Legan\u00e9s:<\/strong> \u00abUn rival con una calidad tremenda. La myor\u00eda tiene una carrera dilatada en Primera y un presente muy bueno. Comenzaron mal y por eso no est\u00e1 arriba. Por plantilla y por proyecto estaba destinado a estar arriba. A\u00fan lo est\u00e1. Mantener la porter\u00eda a cero ante estos futbolistas es un reto muy importante. All\u00ed no estuvimos lejos en un partido en el que competimos. Ser\u00eda muy importante seguir en la l\u00ednea defensiva y mejorar en la ofensiva\u00bb<\/p>\n<p><strong>El calendario y la autoexigencia:<\/strong> \u00abSer\u00e1n partidos distintos. Ma\u00f1ana dominar\u00e1n por fases, seguros, y habr\u00e1 que estaerpreparado para eso. Lo que no quiero es que Cristian, aunque nos ayuda, sea el salvador. Habr\u00e1 que saber jugar ante el Legan\u00e9s\u00bb.<\/p>\n<p><strong>Quinteros y Az\u00f3n:<\/strong> \u00abEn cuesti\u00f3n de jugadores voy en la l\u00ednea del club. Si hubiese algo interesante para Jairo, si es algo que el club lo valora como positivo, no perjudicar\u00eda a mi club. A Iv\u00e1n se le va a hacer una prueba esta semana y si los resultados son buenos quiz\u00e1s se vaya incorporando. Para Huesca es imposible que est\u00e9. Nos atendremos a la prueba y a sus sensaciones. Este tipo de reca\u00eddas musculares est\u00e1n siendo habituales en todos los equipos y estamos con pies de plomo. No queremos otra reca\u00edda sino que lo que participe sea a tope\u00bb.<\/p>\n<p>&nbsp;<\/p>\n","protected":false},"excerpt":{"rendered":"<p>Renovaci\u00f3n de Jair: \u00abMe alegro mucho. Ha dado muy buen rendimiento y todav\u00eda tiene muchas temporadas por delante. Un jugador b\u00e1sico para el proyecto\u00bb. Francho: \u00abLo tiene complicado. Es un proceso v\u00edrico que s\u00f3lo le ha afectado a \u00e9l. De normal, no llegar\u00e1\u00bb. Falta de gol: \u00abLo trabajamos muy parecido <a class=\"read-more\" href=\"https:\/\/principesdeparis.es\/principes\/escriba-quiero-que-la-aficion-este-con-todos-incluso-con-gueye-si-juega\/\">Sigue leyendo<\/a><\/p>\n","protected":false},"author":2,"featured_media":10664,"comment_status":"open","ping_status":"open","sticky":false,"template":"","format":"standard","meta":{"footnotes":""},"categories":[13,1],"tags":[],"class_list":["post-10663","post","type-post","status-publish","format-standard","has-post-thumbnail","hentry","category-publicidad","category-real-zaragoza"],"_links":{"self":[{"href":"https:\/\/principesdeparis.es\/principes\/wp-json\/wp\/v2\/posts\/10663","targetHints":{"allow":["GET"]}}],"collection":[{"href":"https:\/\/principesdeparis.es\/principes\/wp-json\/wp\/v2\/posts"}],"about":[{"href":"https:\/\/principesdeparis.es\/principes\/wp-json\/wp\/v2\/types\/post"}],"author":[{"embeddable":true,"href":"https:\/\/principesdeparis.es\/principes\/wp-json\/wp\/v2\/users\/2"}],"replies":[{"embeddable":true,"href":"https:\/\/principesdeparis.es\/principes\/wp-json\/wp\/v2\/comments?post=10663"}],"version-history":[{"count":1,"href":"https:\/\/principesdeparis.es\/principes\/wp-json\/wp\/v2\/posts\/10663\/revisions"}],"predecessor-version":[{"id":10665,"href":"https:\/\/principesdeparis.es\/principes\/wp-json\/wp\/v2\/posts\/10663\/revisions\/10665"}],"wp:featuredmedia":[{"embeddable":true,"href":"https:\/\/principesdeparis.es\/principes\/wp-json\/wp\/v2\/media\/10664"}],"wp:attachment":[{"href":"https:\/\/principesdeparis.es\/principes\/wp-json\/wp\/v2\/media?parent=10663"}],"wp:term":[{"taxonomy":"category","embeddable":true,"href":"https:\/\/principesdeparis.es\/principes\/wp-json\/wp\/v2\/categories?post=10663"},{"taxonomy":"post_tag","embeddable":true,"href":"https:\/\/principesdeparis.es\/principes\/wp-json\/wp\/v2\/tags?post=10663"}],"curies":[{"name":"wp","href":"https:\/\/api.w.org\/{rel}","templated":true}]}}