{"id":10666,"date":"2023-03-12T10:06:28","date_gmt":"2023-03-12T10:06:28","guid":{"rendered":"https:\/\/principesdeparis.es\/principes\/?p=10666"},"modified":"2023-03-12T10:29:12","modified_gmt":"2023-03-12T10:29:12","slug":"a-las-dos-los-tres-sin-los-tres","status":"publish","type":"post","link":"https:\/\/principesdeparis.es\/principes\/a-las-dos-los-tres-sin-los-tres\/","title":{"rendered":"A las dos, los tres \u00bfsin los tres?"},"content":{"rendered":"<p style=\"text-align: center;\"><strong>El Real Zaragoza, por primera vez este curso a una de las horas m\u00e1s inh\u00f3spitas para el f\u00fatbol y la afici\u00f3n, busca con apuro su primera victoria en casa en 2023 sin sus tres canteranos de oro si no juega Franc\u00e9s<\/strong><\/p>\n<p>A una hora m\u00e1s propia para el <em>tardeo<\/em>, el verm\u00fa e incluso la comida para los m\u00e1s madrugadores en la cocina (14.00) juega el Real Zaragoza esta tarde en La Romareda. Debuta esta temporada en un momento del d\u00eda requisado al tiempo por el tiempo de las plataformas, con la esperanza de que se acerque el mayor n\u00famero posible de aficionados para arroparle contra el latoso Legan\u00e9s. Y para que los que vayan encuentren motivos suficientes para impulsar al equipo, a todos incluso Gueye seg\u00fan rog\u00f3 Escrib\u00e1, hacia la primera victoria en casa del 2023 y para romper con cuatro encuentros consecutivos sin vencer en el Municipal, donde en este periodo s\u00f3lo se ha celebrado un gol, el de Beb\u00e9 ante el Alav\u00e9s desde una base lunar. Tambi\u00e9n, como consecuencia de ese p\u00e9simo rendimiento como local, para conseguir tres puntos que restar\u00edan apuros y problemas en el triste camino hacia la permanencia.<\/p>\n<p>La baja de Francho y la interminable ausencia de Az\u00f3n pueden determinar que por segunda vez en las \u00faltimas tres campa\u00f1as, los tres canteranos de oro del conjunto aragon\u00e9s no coincidan en la titularidad. Ocurrir\u00e1 si Franc\u00e9s sigue en el banquillo, desaparecido del once desde el 1-4 frente al Alav\u00e9s. La \u00fanica ocasi\u00f3n en que ninguno form\u00f3 parte del equipo inicial fue en el ejercicio 2020-2021, ante el Espanyol. Francho, que hoy es baja por los efectos de un proceso gripal, sali\u00f3 entonces en el minuto 66 como solitario representante de esta terna de futbolistas de la casa que abandera hoy en d\u00eda el proyecto de la nueva propiedad. Lo que parece una an\u00e9cdota no lo es. Los reiterativos y mal explicados problemas musculares del ariete y la baja forma del central, han tenido un efecto nocivo sobre el equipo. Sin el centrocampista, hombre fijo para Escrib\u00e1, la visita del conjunto que entrena Imanol Idiakez ser\u00e1 m\u00e1s complicada.<\/p>\n<p>Despu\u00e9s de dos partidos sin encajar tras recibir siete tantos en los anteriores compromisos, en este se busca una vez m\u00e1s el elixir prohibido, el gol que no hay y aflora casi en exclusiva en Giuliano, quien lleva sin marcar precisamente desde la cita en Butarque con el Legan\u00e9s, hace ocho jornadas. El serial de ca\u00f1onazos de Beb\u00e9 como estrategia demasiado elemental a la larga ha intentado sin conseguirlo hacer m\u00e1s llevadera la sequ\u00eda del argentino. Las inc\u00f3gnitas de si el t\u00e9cnico se decantar\u00e1 por poner un compa\u00f1ero a Simeone o no y qui\u00e9n ser\u00e1 el relevo de Francho, con Grau en el primer lugar de la lista, ocupan los proleg\u00f3menos de este coche en al que, posiblemente, Bermejo regrese junto a la banda tras su mala experiencia de enganche con Vada de nuevo por detr\u00e1s del Cholito. No se prev\u00e9n m\u00e1s cambios en un Real Zaragoza &#8211;si Luna contin\u00faa en el lateral, algo por confirmar&#8211; deshabitado de sus tres \u00faltimos y mejores productos de la Ciudad Deportiva que necesita ver puerta y ganar. Jair, reci\u00e9n renovado hasta 2025, pidi\u00f3 que se rebajaran revoluciones cuando se presenten las ocasiones. Una manera nada subliminal de decir que para acelerar el pulso bajo del equipo hay que congelarlo frente a la porter\u00eda.<\/p>\n<blockquote class=\"twitter-tweet\">\n<p dir=\"ltr\" lang=\"es\">&#x1f4cb; Lista de jugadores convocados por Fran Escrib\u00e1 para el <a href=\"https:\/\/twitter.com\/hashtag\/RealZaragozaLegan%C3%A9s?src=hash&amp;ref_src=twsrc%5Etfw\">#RealZaragozaLegan\u00e9s<\/a><\/p>\n<p>\u00a1Vamos, equipo! &#x1f4aa;<a href=\"https:\/\/twitter.com\/hashtag\/DefendiendoAlLe%C3%B3n?src=hash&amp;ref_src=twsrc%5Etfw\">#DefendiendoAlLe\u00f3n<\/a> &#x1f981; <a href=\"https:\/\/t.co\/RvHBp3gCYE\">pic.twitter.com\/RvHBp3gCYE<\/a><\/p>\n<p>\u2014 Real Zaragoza &#x1f981; (@RealZaragoza) <a href=\"https:\/\/twitter.com\/RealZaragoza\/status\/1634856948838567936?ref_src=twsrc%5Etfw\">March 12, 2023<\/a><\/p><\/blockquote>\n<p><script async src=\"https:\/\/platform.twitter.com\/widgets.js\" charset=\"utf-8\"><\/script><\/p>\n","protected":false},"excerpt":{"rendered":"<p>El Real Zaragoza, por primera vez este curso a una de las horas m\u00e1s inh\u00f3spitas para el f\u00fatbol y la afici\u00f3n, busca con apuro su primera victoria en casa en 2023 sin sus tres canteranos de oro si no juega Franc\u00e9s A una hora m\u00e1s propia para el tardeo, el <a class=\"read-more\" href=\"https:\/\/principesdeparis.es\/principes\/a-las-dos-los-tres-sin-los-tres\/\">Sigue leyendo<\/a><\/p>\n","protected":false},"author":2,"featured_media":10668,"comment_status":"open","ping_status":"open","sticky":false,"template":"","format":"standard","meta":{"footnotes":""},"categories":[13,1],"tags":[],"class_list":["post-10666","post","type-post","status-publish","format-standard","has-post-thumbnail","hentry","category-publicidad","category-real-zaragoza"],"_links":{"self":[{"href":"https:\/\/principesdeparis.es\/principes\/wp-json\/wp\/v2\/posts\/10666","targetHints":{"allow":["GET"]}}],"collection":[{"href":"https:\/\/principesdeparis.es\/principes\/wp-json\/wp\/v2\/posts"}],"about":[{"href":"https:\/\/principesdeparis.es\/principes\/wp-json\/wp\/v2\/types\/post"}],"author":[{"embeddable":true,"href":"https:\/\/principesdeparis.es\/principes\/wp-json\/wp\/v2\/users\/2"}],"replies":[{"embeddable":true,"href":"https:\/\/principesdeparis.es\/principes\/wp-json\/wp\/v2\/comments?post=10666"}],"version-history":[{"count":5,"href":"https:\/\/principesdeparis.es\/principes\/wp-json\/wp\/v2\/posts\/10666\/revisions"}],"predecessor-version":[{"id":10672,"href":"https:\/\/principesdeparis.es\/principes\/wp-json\/wp\/v2\/posts\/10666\/revisions\/10672"}],"wp:featuredmedia":[{"embeddable":true,"href":"https:\/\/principesdeparis.es\/principes\/wp-json\/wp\/v2\/media\/10668"}],"wp:attachment":[{"href":"https:\/\/principesdeparis.es\/principes\/wp-json\/wp\/v2\/media?parent=10666"}],"wp:term":[{"taxonomy":"category","embeddable":true,"href":"https:\/\/principesdeparis.es\/principes\/wp-json\/wp\/v2\/categories?post=10666"},{"taxonomy":"post_tag","embeddable":true,"href":"https:\/\/principesdeparis.es\/principes\/wp-json\/wp\/v2\/tags?post=10666"}],"curies":[{"name":"wp","href":"https:\/\/api.w.org\/{rel}","templated":true}]}}