{"id":10673,"date":"2023-03-12T11:53:32","date_gmt":"2023-03-12T11:53:32","guid":{"rendered":"https:\/\/principesdeparis.es\/principes\/?p=10673"},"modified":"2023-03-12T12:34:28","modified_gmt":"2023-03-12T12:34:28","slug":"frances-grau-y-vada-y-puche-de-regreso-a-los-dos-puntas","status":"publish","type":"post","link":"https:\/\/principesdeparis.es\/principes\/frances-grau-y-vada-y-puche-de-regreso-a-los-dos-puntas\/","title":{"rendered":"Franc\u00e9s por Jair, Vada y Puche de regreso a los dos puntas"},"content":{"rendered":"<p>Fran Escrib\u00e1 recupera su libreto de dos delanteros para recibir al Legan\u00e9s en una alineaci\u00f3n donde se producen tres cambios en relaci\u00f3n al encuentro frente al Lugo. Puche volver\u00e1 a ocupar plaza atacante con Giuliano en un once donde el retorno m\u00e1s sonado es el de Franc\u00e9s despu\u00e9s de que el canterano haya calentado banquillo en las \u00faltimas tres citas. Jair no est\u00e1 al cien por cien y el t\u00e9cnico ha optado por el canterano para acompa\u00f1ar a Llu\u00eds L\u00f3pez. En el centro del campo, Grau se ocupa de la vacante de Francho, baja por un proceso gripal, y Vada se encargar\u00e1 de la banda derecha dejando fuera a Bermejo. Luna sigue contando con\u00a0 la confianza del entrenador para el lateral derecho por tercer partido consecutivo.<\/p>\n<p>El t\u00e9cnico valenciano contin\u00faa d\u00e1ndole vueltas al equipo y al sistema aunque insista en que la intenci\u00f3n del Real Zaragoza, al margen de sus formas, es ser valiente y buscar los partidos. Renueva as\u00ed su apuesta por un Puche que aporta muy poco desde la titularidad, un futbolista de choque que apenas mezcla con Giuliano. La nula confianza en Gueye, con raz\u00f3n, y la ternura que le da Pau Sans impiden que pruebe otras f\u00f3rmulas en ataque, muy da\u00f1ado sin Az\u00f3n ni Mollejo. Atr\u00e1s se crea una cierta incertidumbre con la sociedad Franc\u00e9s-Llu\u00eds L\u00f3pez, pero sobre todo por no ver al mando a Jair, un jugador fundamental para dotar de contundencia a un conjunto que respira por los poros defensivos. Grau sigue\u00a0 porque Francho no est\u00e1 y porque Escrib\u00e1 ha perdido la fe por completo en el resto de centrocampistas zonales que no sean el canterano y Zapater. Manu Molina\u00a0 y sobre todo el <em>refuerzo<\/em> Alarc\u00f3n s\u00f3lo aparecen en sus planes para los minutos finales.<\/p>\n<p>La desaparici\u00f3n de Bermejo del once no coge por sorpresa a casi nadie.\u00a0 Su relevo, Vada, y adem\u00e1s en la derecha, tampoco es que entusiasme demasiado.\u00a0 Queda la segunda l\u00ednea por lo tanto y como siempre desde que lleg\u00f3 a las ocurrencias de Beb\u00e9, cuyo ca\u00f1\u00f3n se ha convertido en la herramienta m\u00e1s recurrente para marcar de sopet\u00f3n mientras Simeone recupera a sus musas, a las perdi\u00f3 en 2022. El partido s\u00f3lo consiente la victoria como trampol\u00edn hacia aguas menos turbulentas, frente a un Legan\u00e9s donde Juan Mu\u00f1oz, Arn\u00e1iz\u00a0 o Raba componen una vanguardia de envidia, con 18 goles entre los tres frente a los 23 que tiene el Real Zaragoza en la cuenta general.<\/p>\n<p>La alineaci\u00f3n del Legan\u00e9s<\/p>\n<blockquote class=\"twitter-tweet\">\n<p dir=\"ltr\" lang=\"es\">&#x1f952; ALINEACI\u00d3N &#x1f952; | \u00a1Este es nuestro once titular para hoy!<\/p>\n<p>\u00a1VAMOS, VAMOS, VAMOS LEGAAAAAAA!<\/p>\n<p>&#x1f4aa;&#x1f4aa;&#x1f4aa;&#x1f4aa;&#x1f4aa;&#x1f4aa;&#x1f4aa;<a href=\"https:\/\/twitter.com\/hashtag\/RealZaragozaLegan%C3%A9s?src=hash&amp;ref_src=twsrc%5Etfw\">#RealZaragozaLegan\u00e9s<\/a> <a href=\"https:\/\/twitter.com\/hashtag\/VamosLega?src=hash&amp;ref_src=twsrc%5Etfw\">#VamosLega<\/a> <a href=\"https:\/\/t.co\/HpsYExigfl\">pic.twitter.com\/HpsYExigfl<\/a><\/p>\n<p>\u2014 C.D. Legan\u00e9s (@CDLeganes) <a href=\"https:\/\/twitter.com\/CDLeganes\/status\/1634885196683309056?ref_src=twsrc%5Etfw\">March 12, 2023<\/a><\/p><\/blockquote>\n<p><script async src=\"https:\/\/platform.twitter.com\/widgets.js\" charset=\"utf-8\"><\/script><\/p>\n","protected":false},"excerpt":{"rendered":"<p>Fran Escrib\u00e1 recupera su libreto de dos delanteros para recibir al Legan\u00e9s en una alineaci\u00f3n donde se producen tres cambios en relaci\u00f3n al encuentro frente al Lugo. Puche volver\u00e1 a ocupar plaza atacante con Giuliano en un once donde el retorno m\u00e1s sonado es el de Franc\u00e9s despu\u00e9s de que <a class=\"read-more\" href=\"https:\/\/principesdeparis.es\/principes\/frances-grau-y-vada-y-puche-de-regreso-a-los-dos-puntas\/\">Sigue leyendo<\/a><\/p>\n","protected":false},"author":2,"featured_media":10674,"comment_status":"open","ping_status":"open","sticky":false,"template":"","format":"standard","meta":{"footnotes":""},"categories":[13,1],"tags":[],"class_list":["post-10673","post","type-post","status-publish","format-standard","has-post-thumbnail","hentry","category-publicidad","category-real-zaragoza"],"_links":{"self":[{"href":"https:\/\/principesdeparis.es\/principes\/wp-json\/wp\/v2\/posts\/10673","targetHints":{"allow":["GET"]}}],"collection":[{"href":"https:\/\/principesdeparis.es\/principes\/wp-json\/wp\/v2\/posts"}],"about":[{"href":"https:\/\/principesdeparis.es\/principes\/wp-json\/wp\/v2\/types\/post"}],"author":[{"embeddable":true,"href":"https:\/\/principesdeparis.es\/principes\/wp-json\/wp\/v2\/users\/2"}],"replies":[{"embeddable":true,"href":"https:\/\/principesdeparis.es\/principes\/wp-json\/wp\/v2\/comments?post=10673"}],"version-history":[{"count":14,"href":"https:\/\/principesdeparis.es\/principes\/wp-json\/wp\/v2\/posts\/10673\/revisions"}],"predecessor-version":[{"id":10688,"href":"https:\/\/principesdeparis.es\/principes\/wp-json\/wp\/v2\/posts\/10673\/revisions\/10688"}],"wp:featuredmedia":[{"embeddable":true,"href":"https:\/\/principesdeparis.es\/principes\/wp-json\/wp\/v2\/media\/10674"}],"wp:attachment":[{"href":"https:\/\/principesdeparis.es\/principes\/wp-json\/wp\/v2\/media?parent=10673"}],"wp:term":[{"taxonomy":"category","embeddable":true,"href":"https:\/\/principesdeparis.es\/principes\/wp-json\/wp\/v2\/categories?post=10673"},{"taxonomy":"post_tag","embeddable":true,"href":"https:\/\/principesdeparis.es\/principes\/wp-json\/wp\/v2\/tags?post=10673"}],"curies":[{"name":"wp","href":"https:\/\/api.w.org\/{rel}","templated":true}]}}