{"id":10712,"date":"2023-03-15T10:36:38","date_gmt":"2023-03-15T10:36:38","guid":{"rendered":"https:\/\/principesdeparis.es\/principes\/?p=10712"},"modified":"2023-03-15T10:36:38","modified_gmt":"2023-03-15T10:36:38","slug":"bebe-tirar-y-encarar-es-mi-estilo-y-tambien-me-lo-piden","status":"publish","type":"post","link":"https:\/\/principesdeparis.es\/principes\/bebe-tirar-y-encarar-es-mi-estilo-y-tambien-me-lo-piden\/","title":{"rendered":"Beb\u00e9: \u00abTirar y encarar es mi estilo, y tambi\u00e9n me lo piden\u00bb"},"content":{"rendered":"<p><strong>Partido especial:<\/strong> \u00abS\u00ed, es un partido muy importante para poder dar un salto en la clasificaci\u00f3n. Creo que los vamos a consenguir porque estamos con muchas ganas y el equipo est\u00e1 m\u00e1s seguro despu\u00e9s de tres partidos sin encajar. Sabemos que es un encuentro especial para la gente, pero para m\u00ed es igual a todos los dem\u00e1s Tres puntos. No es diferente en lo deportivo. Por supuesto lo daremos todos por esa afici\u00f3n que vendr\u00e1 a apoyarnos\u00bb.<\/p>\n<p><strong>Balance personal:<\/strong> \u00abEstoy contento. Estoy demostrando el Beb\u00e9 que soy y c\u00f3mo me gustan hacer las cosas. El balance es bueno porque somos un equipo joven y cuando llegu\u00e9 aqu\u00ed est\u00e1bamos m\u00e1s abajo y hemos logrado sumar y subir algunos puestos\u00bb.<\/p>\n<p><strong>Muy protagonista:<\/strong> \u00abConf\u00edo en mi disparo. Soy atrevido y el m\u00edster y mis compa\u00f1eros me lo piden. Unas veces me va bien y otras mal, pero es mi personalidad y me gusta hacerlo.\u00a0 Me gusta encarar tirar y encarar, y tambi\u00e9n me lo piden los compa\u00f1eros y el m\u00edster. Lo hago por el bien del equipo, no por m\u00ed\u00bb.<\/p>\n<p><strong>Satisfecho:<\/strong> \u00abLo estoy. La gente se porta muy bien. EStoy jugando y me siento importante. Vine al Real Zaragoza porque cre\u00eda que iba a ser un sitio donde pod\u00eda mostrar el mejor Beb\u00e9. Espero que todav\u00eda pueda dar m\u00e1s cosas\u00bb.<\/p>\n<p><strong>Regreso del gol:<\/strong> \u00abLes dec\u00eda a mis compa\u00f1eros que estuvieran tranquilos, que \u00edbamos a tener oportunidades y a marcar. Est\u00e1bamos frustrados porque no lo hac\u00edamos, pero el gol iba a acabar entrenando como as\u00ed ha ocurrido. Tir\u00e1bamos pero no met\u00edamos, s\u00f3lo era cuesti\u00f3n de paciencia\u00bb.<\/p>\n<p><strong>M\u00e1s tranquilos:<\/strong> \u00abYo lo estaba pese a las derrotas con Alav\u00e9s y M\u00e1laga. Sab\u00eda que ten\u00edamos mucha calidad. Nos paramos a pensar lo quer\u00edamos hacer para que llegaran mejores resultados y se ha producido. Con trabajo y estando enfocados y bien atr\u00e1s para no encajar, que es lo que nos pide el entrenador, era cuesti\u00f3n de tiempo que fu\u00e9ramos m\u00e1s regulares\u00bb.<\/p>\n<p><strong>.Objetivos:<\/strong> \u00abIr partido a partido, sumar y si hay que empatar se empata. Estoy seguro de que iremos hacia arriba y que haremos cosas buenas, ganaremos partidos. Queremos acabar la temporada bien para que la afici\u00f3n est\u00e9 contenta\u00bb.<\/p>\n<p><strong>La selecci\u00f3n:<\/strong> Voy convocado con Cabo Verde para dos partidos. Jugar\u00e9 contra el Huesca y luego a ver si encontramos alguna opci\u00f3n para que pueda estar frente al Albacete. Me gustar\u00eda, pero yo no puedo decidir\u00bb<\/p>\n","protected":false},"excerpt":{"rendered":"<p>Partido especial: \u00abS\u00ed, es un partido muy importante para poder dar un salto en la clasificaci\u00f3n. Creo que los vamos a consenguir porque estamos con muchas ganas y el equipo est\u00e1 m\u00e1s seguro despu\u00e9s de tres partidos sin encajar. Sabemos que es un encuentro especial para la gente, pero para <a class=\"read-more\" href=\"https:\/\/principesdeparis.es\/principes\/bebe-tirar-y-encarar-es-mi-estilo-y-tambien-me-lo-piden\/\">Sigue leyendo<\/a><\/p>\n","protected":false},"author":2,"featured_media":10713,"comment_status":"open","ping_status":"open","sticky":false,"template":"","format":"standard","meta":{"footnotes":""},"categories":[13,1],"tags":[],"class_list":["post-10712","post","type-post","status-publish","format-standard","has-post-thumbnail","hentry","category-publicidad","category-real-zaragoza"],"_links":{"self":[{"href":"https:\/\/principesdeparis.es\/principes\/wp-json\/wp\/v2\/posts\/10712","targetHints":{"allow":["GET"]}}],"collection":[{"href":"https:\/\/principesdeparis.es\/principes\/wp-json\/wp\/v2\/posts"}],"about":[{"href":"https:\/\/principesdeparis.es\/principes\/wp-json\/wp\/v2\/types\/post"}],"author":[{"embeddable":true,"href":"https:\/\/principesdeparis.es\/principes\/wp-json\/wp\/v2\/users\/2"}],"replies":[{"embeddable":true,"href":"https:\/\/principesdeparis.es\/principes\/wp-json\/wp\/v2\/comments?post=10712"}],"version-history":[{"count":1,"href":"https:\/\/principesdeparis.es\/principes\/wp-json\/wp\/v2\/posts\/10712\/revisions"}],"predecessor-version":[{"id":10714,"href":"https:\/\/principesdeparis.es\/principes\/wp-json\/wp\/v2\/posts\/10712\/revisions\/10714"}],"wp:featuredmedia":[{"embeddable":true,"href":"https:\/\/principesdeparis.es\/principes\/wp-json\/wp\/v2\/media\/10713"}],"wp:attachment":[{"href":"https:\/\/principesdeparis.es\/principes\/wp-json\/wp\/v2\/media?parent=10712"}],"wp:term":[{"taxonomy":"category","embeddable":true,"href":"https:\/\/principesdeparis.es\/principes\/wp-json\/wp\/v2\/categories?post=10712"},{"taxonomy":"post_tag","embeddable":true,"href":"https:\/\/principesdeparis.es\/principes\/wp-json\/wp\/v2\/tags?post=10712"}],"curies":[{"name":"wp","href":"https:\/\/api.w.org\/{rel}","templated":true}]}}