{"id":10715,"date":"2023-03-15T10:49:21","date_gmt":"2023-03-15T10:49:21","guid":{"rendered":"https:\/\/principesdeparis.es\/principes\/?p=10715"},"modified":"2023-03-15T11:26:04","modified_gmt":"2023-03-15T11:26:04","slug":"vigaray-pasara-otra-vez-por-el-quirofano-y-grau-sufre-una-lesion-muscular","status":"publish","type":"post","link":"https:\/\/principesdeparis.es\/principes\/vigaray-pasara-otra-vez-por-el-quirofano-y-grau-sufre-una-lesion-muscular\/","title":{"rendered":"Vigaray pasar\u00e1 otra vez por el quir\u00f3fano y Grau sufre una lesi\u00f3n muscular"},"content":{"rendered":"<p>Carlos Vigaray se despedir\u00e1 del Real Zaragoza en junio sin volver a pisar el terreno de juego despu\u00e9s de que lo hiciera 12 minutos en el partido del Carlos Belmonte contra el Albacete, el pasado 6 de diciembre . Seg\u00fan informa el club, el jugador acab\u00f3 el \u00faltimo entrenamiento con unas molestias en la rodilla izquierda por lo que se consider\u00f3 oportuno realizarle unas pruebas radiol\u00f3gicas para conocer el alcance de las dolencia. Los resultados desvelaron que sufre una lesi\u00f3n a nivel del menisco interno de dicha rodilla por lo que tendr\u00e1 que pasar por el quir\u00f3fano en las pr\u00f3ximas fechas. Por su parte, a Jaume Grau, despu\u00e9s de haber sido sustituido en el encuentro frente al Legan\u00e9s por una molestias musculares, se le realiz\u00f3 una resonancia en la que se aprecia una microrrotura a nivel de la musculatura isquiosural de su pierna derecha, lo que le deja fuera como m\u00ednimo tres partidos.<\/p>\n<p>M\u00e1s de 16 despu\u00e9s, en\u00a0<strong><em>mayo de 2021 frente al Mallorca<\/em>,\u00a0<\/strong>Carlos Vigaray regres\u00f3 a una convocatoria el 3 de octubre pasado para la cita ante el Eibar, pero no jug\u00f3 hasta Albacete, donde entr\u00f3 en sustituci\u00f3n de Giuliano . Dejaba atr\u00e1s\u00a0 un aut\u00e9ntico calvario que le ha acompa\u00f1ado gran parte de su carrera profesional\u00a0 y que comenz\u00f3\u00a0 con un edema \u00f3seo que se le produjo en rodilla derecha en 2017, cuando militaba el Alav\u00e9s, y que le tuvo casi diez meses en el dique seco.\u00a0 Su \u00faltima dolencia, en la misma articulaci\u00f3n y ya en el Real Zaragoza, le hizo pasar por el quir\u00f3fano en julio de 2021 \u00a0tras ser sometido a un tratamiento conservador que se le aplic\u00f3 sin \u00e9xito .<\/p>\n<p>Su historial m\u00e9dico, que se extendi\u00f3 con\u00a0 constantes lesiones musculares en los isquiotibiales, ha a\u00f1adido un nuevo y definitivo episodio para su carrera en el Real Zaragoza. El futbolista deber\u00e1 ser intervenido una a vez m\u00e1s con la finalizaci\u00f3n de su contrato en el horizonte del pr\u00f3ximo 30 de junio. Al igual que Larrazabal lleg\u00f3 a un acuerdo con el club para liberar masa salarial\u00a0 con una opci\u00f3n unilateral por parte del club para prorrogar el compromiso hasta 2024, algo que desde la entidad ya no se contemplaba y menos en la actual tesitura.<\/p>\n<p>&nbsp;<\/p>\n<p>&nbsp;<\/p>\n<p>&nbsp;<\/p>\n","protected":false},"excerpt":{"rendered":"<p>Carlos Vigaray se despedir\u00e1 del Real Zaragoza en junio sin volver a pisar el terreno de juego despu\u00e9s de que lo hiciera 12 minutos en el partido del Carlos Belmonte contra el Albacete, el pasado 6 de diciembre . Seg\u00fan informa el club, el jugador acab\u00f3 el \u00faltimo entrenamiento con <a class=\"read-more\" href=\"https:\/\/principesdeparis.es\/principes\/vigaray-pasara-otra-vez-por-el-quirofano-y-grau-sufre-una-lesion-muscular\/\">Sigue leyendo<\/a><\/p>\n","protected":false},"author":2,"featured_media":10716,"comment_status":"open","ping_status":"open","sticky":false,"template":"","format":"standard","meta":{"footnotes":""},"categories":[13,1],"tags":[],"class_list":["post-10715","post","type-post","status-publish","format-standard","has-post-thumbnail","hentry","category-publicidad","category-real-zaragoza"],"_links":{"self":[{"href":"https:\/\/principesdeparis.es\/principes\/wp-json\/wp\/v2\/posts\/10715","targetHints":{"allow":["GET"]}}],"collection":[{"href":"https:\/\/principesdeparis.es\/principes\/wp-json\/wp\/v2\/posts"}],"about":[{"href":"https:\/\/principesdeparis.es\/principes\/wp-json\/wp\/v2\/types\/post"}],"author":[{"embeddable":true,"href":"https:\/\/principesdeparis.es\/principes\/wp-json\/wp\/v2\/users\/2"}],"replies":[{"embeddable":true,"href":"https:\/\/principesdeparis.es\/principes\/wp-json\/wp\/v2\/comments?post=10715"}],"version-history":[{"count":7,"href":"https:\/\/principesdeparis.es\/principes\/wp-json\/wp\/v2\/posts\/10715\/revisions"}],"predecessor-version":[{"id":10723,"href":"https:\/\/principesdeparis.es\/principes\/wp-json\/wp\/v2\/posts\/10715\/revisions\/10723"}],"wp:featuredmedia":[{"embeddable":true,"href":"https:\/\/principesdeparis.es\/principes\/wp-json\/wp\/v2\/media\/10716"}],"wp:attachment":[{"href":"https:\/\/principesdeparis.es\/principes\/wp-json\/wp\/v2\/media?parent=10715"}],"wp:term":[{"taxonomy":"category","embeddable":true,"href":"https:\/\/principesdeparis.es\/principes\/wp-json\/wp\/v2\/categories?post=10715"},{"taxonomy":"post_tag","embeddable":true,"href":"https:\/\/principesdeparis.es\/principes\/wp-json\/wp\/v2\/tags?post=10715"}],"curies":[{"name":"wp","href":"https:\/\/api.w.org\/{rel}","templated":true}]}}