{"id":10729,"date":"2023-03-17T08:53:10","date_gmt":"2023-03-17T08:53:10","guid":{"rendered":"https:\/\/principesdeparis.es\/principes\/?p=10729"},"modified":"2023-03-17T09:59:20","modified_gmt":"2023-03-17T09:59:20","slug":"marcos-luna-dice-adios-a-la-temporada","status":"publish","type":"post","link":"https:\/\/principesdeparis.es\/principes\/marcos-luna-dice-adios-a-la-temporada\/","title":{"rendered":"Marcos Luna dice adi\u00f3s a la temporada"},"content":{"rendered":"<p>Marcos Luna, durante el entrenamiento de ayer en un lance fortuito, sinti\u00f3 unas molestias en su rodilla derecha. Tras realizarle unas pruebas radiol\u00f3gicas, el diagn\u00f3stico es que sufre una rotura del menisco externo por lo que tendr\u00e1 que ser intervenido pr\u00f3ximamente. El lateral derecho, que se hab\u00eda ganado la titularidad en los tres \u00faltimos encuentros, se pierde lo que resta de temporada.<\/p>\n<blockquote class=\"twitter-tweet\">\n<p lang=\"es\" dir=\"ltr\">Gracias por todos los mensajes de apoyo que estoy recibiendo. Esto solo es un alto en el camino, volver\u00e9 con m\u00e1s fuerza. Aupa <a href=\"https:\/\/twitter.com\/RealZaragoza?ref_src=twsrc%5Etfw\">@RealZaragoza<\/a> <a href=\"https:\/\/t.co\/ajw2tHWzye\">https:\/\/t.co\/ajw2tHWzye<\/a><\/p>\n<p>&mdash; Marcos Luna (@maarcoszgz) <a href=\"https:\/\/twitter.com\/maarcoszgz\/status\/1636654506690609153?ref_src=twsrc%5Etfw\">March 17, 2023<\/a><\/p><\/blockquote>\n<p> <script async src=\"https:\/\/platform.twitter.com\/widgets.js\" charset=\"utf-8\"><\/script><\/p>\n","protected":false},"excerpt":{"rendered":"<p>Marcos Luna, durante el entrenamiento de ayer en un lance fortuito, sinti\u00f3 unas molestias en su rodilla derecha. Tras realizarle unas pruebas radiol\u00f3gicas, el diagn\u00f3stico es que sufre una rotura del menisco externo por lo que tendr\u00e1 que ser intervenido pr\u00f3ximamente. El lateral derecho, que se hab\u00eda ganado la titularidad <a class=\"read-more\" href=\"https:\/\/principesdeparis.es\/principes\/marcos-luna-dice-adios-a-la-temporada\/\">Sigue leyendo<\/a><\/p>\n","protected":false},"author":2,"featured_media":10730,"comment_status":"open","ping_status":"open","sticky":false,"template":"","format":"standard","meta":{"footnotes":""},"categories":[13,1],"tags":[],"class_list":["post-10729","post","type-post","status-publish","format-standard","has-post-thumbnail","hentry","category-publicidad","category-real-zaragoza"],"_links":{"self":[{"href":"https:\/\/principesdeparis.es\/principes\/wp-json\/wp\/v2\/posts\/10729","targetHints":{"allow":["GET"]}}],"collection":[{"href":"https:\/\/principesdeparis.es\/principes\/wp-json\/wp\/v2\/posts"}],"about":[{"href":"https:\/\/principesdeparis.es\/principes\/wp-json\/wp\/v2\/types\/post"}],"author":[{"embeddable":true,"href":"https:\/\/principesdeparis.es\/principes\/wp-json\/wp\/v2\/users\/2"}],"replies":[{"embeddable":true,"href":"https:\/\/principesdeparis.es\/principes\/wp-json\/wp\/v2\/comments?post=10729"}],"version-history":[{"count":3,"href":"https:\/\/principesdeparis.es\/principes\/wp-json\/wp\/v2\/posts\/10729\/revisions"}],"predecessor-version":[{"id":10737,"href":"https:\/\/principesdeparis.es\/principes\/wp-json\/wp\/v2\/posts\/10729\/revisions\/10737"}],"wp:featuredmedia":[{"embeddable":true,"href":"https:\/\/principesdeparis.es\/principes\/wp-json\/wp\/v2\/media\/10730"}],"wp:attachment":[{"href":"https:\/\/principesdeparis.es\/principes\/wp-json\/wp\/v2\/media?parent=10729"}],"wp:term":[{"taxonomy":"category","embeddable":true,"href":"https:\/\/principesdeparis.es\/principes\/wp-json\/wp\/v2\/categories?post=10729"},{"taxonomy":"post_tag","embeddable":true,"href":"https:\/\/principesdeparis.es\/principes\/wp-json\/wp\/v2\/tags?post=10729"}],"curies":[{"name":"wp","href":"https:\/\/api.w.org\/{rel}","templated":true}]}}