{"id":10958,"date":"2023-04-13T06:34:02","date_gmt":"2023-04-13T06:34:02","guid":{"rendered":"https:\/\/principesdeparis.es\/principes\/?p=10958"},"modified":"2023-04-13T06:34:02","modified_gmt":"2023-04-13T06:34:02","slug":"mis-temores-con-la-romareda","status":"publish","type":"post","link":"https:\/\/principesdeparis.es\/principes\/mis-temores-con-la-romareda\/","title":{"rendered":"Mis temores con La Romareda"},"content":{"rendered":"<p>Veo desde mi asiento lo que pasa frente a m\u00ed. Como si estuviera en un palco privado de un gran estadio, de esos donde se hacen los grandes negocios, tienes una sala privada y hasta servicio antes, durante y despu\u00e9s del partido. Jam\u00e1s he ocupado ninguno de ellos ni creo que me agradase porque no formo parte de ninguna sociedad que me otorgue ese privilegio. Me gusta m\u00e1s trabajar, o haber trabajado, desde cabinas donde solamente hab\u00eda espacio para una persona hasta largos corredores separados por cortinas, pasando por una silla de anea atada al saliente de una esquina del viejo Luis Casanova.<\/p>\n<p>Pero ahora es diferente porque se trata de contemplar el mundo sin prisa, analizar los diferentes movimientos y contemplar los acontecimientos. Observo lo que le est\u00e1 ocurriendo al FC Barcelona con el <em>asunto Negreira<\/em> que podr\u00eda detener su proceso de remodelaci\u00f3n del Camp Nou y su entorno porque los \u00abfondos buitre\u00bb son cobardes y no arriesgan en aquello que no implique un negocio seguro. Y miro al Real Zaragoza y tengo la impresi\u00f3n que la reconstrucci\u00f3n de la Romareda puede detenerse; no por la judicializaci\u00f3n del Plan general de Urbanismo aprobado por el gobierno municipal sino por los diferentes retrasos que significar\u00eda. Y si no se levanta un estadio nuevo con su derecho de explotaci\u00f3n, los 75 a\u00f1os de titularidad de SAD con lo que ello conlleva, no habr\u00e1 inversi\u00f3n en la plantilla. En consecuencia, de los diecis\u00e9is millones que podr\u00eda disponer el club para fichar al elevarse el l\u00edmite salarial, se mantendr\u00eda en los diez como hasta ahora. Y la sonrisa de Sanlleh\u00ed y Cordero se congelar\u00eda como el coraz\u00f3n del zaragocismo.<\/p>\n","protected":false},"excerpt":{"rendered":"<p>Veo desde mi asiento lo que pasa frente a m\u00ed. Como si estuviera en un palco privado de un gran estadio, de esos donde se hacen los grandes negocios, tienes una sala privada y hasta servicio antes, durante y despu\u00e9s del partido. Jam\u00e1s he ocupado ninguno de ellos ni creo <a class=\"read-more\" href=\"https:\/\/principesdeparis.es\/principes\/mis-temores-con-la-romareda\/\">Sigue leyendo<\/a><\/p>\n","protected":false},"author":3,"featured_media":10645,"comment_status":"open","ping_status":"open","sticky":false,"template":"","format":"standard","meta":{"footnotes":""},"categories":[16,13],"tags":[],"class_list":["post-10958","post","type-post","status-publish","format-standard","has-post-thumbnail","hentry","category-el10","category-publicidad"],"_links":{"self":[{"href":"https:\/\/principesdeparis.es\/principes\/wp-json\/wp\/v2\/posts\/10958","targetHints":{"allow":["GET"]}}],"collection":[{"href":"https:\/\/principesdeparis.es\/principes\/wp-json\/wp\/v2\/posts"}],"about":[{"href":"https:\/\/principesdeparis.es\/principes\/wp-json\/wp\/v2\/types\/post"}],"author":[{"embeddable":true,"href":"https:\/\/principesdeparis.es\/principes\/wp-json\/wp\/v2\/users\/3"}],"replies":[{"embeddable":true,"href":"https:\/\/principesdeparis.es\/principes\/wp-json\/wp\/v2\/comments?post=10958"}],"version-history":[{"count":1,"href":"https:\/\/principesdeparis.es\/principes\/wp-json\/wp\/v2\/posts\/10958\/revisions"}],"predecessor-version":[{"id":10959,"href":"https:\/\/principesdeparis.es\/principes\/wp-json\/wp\/v2\/posts\/10958\/revisions\/10959"}],"wp:featuredmedia":[{"embeddable":true,"href":"https:\/\/principesdeparis.es\/principes\/wp-json\/wp\/v2\/media\/10645"}],"wp:attachment":[{"href":"https:\/\/principesdeparis.es\/principes\/wp-json\/wp\/v2\/media?parent=10958"}],"wp:term":[{"taxonomy":"category","embeddable":true,"href":"https:\/\/principesdeparis.es\/principes\/wp-json\/wp\/v2\/categories?post=10958"},{"taxonomy":"post_tag","embeddable":true,"href":"https:\/\/principesdeparis.es\/principes\/wp-json\/wp\/v2\/tags?post=10958"}],"curies":[{"name":"wp","href":"https:\/\/api.w.org\/{rel}","templated":true}]}}