{"id":10960,"date":"2023-04-14T08:17:22","date_gmt":"2023-04-14T08:17:22","guid":{"rendered":"https:\/\/principesdeparis.es\/principes\/?p=10960"},"modified":"2023-04-14T08:43:15","modified_gmt":"2023-04-14T08:43:15","slug":"escriba-si-alguien-piensa-que-no-soy-lo-mejor-para-este-equipo-no-habra-problema","status":"publish","type":"post","link":"https:\/\/principesdeparis.es\/principes\/escriba-si-alguien-piensa-que-no-soy-lo-mejor-para-este-equipo-no-habra-problema\/","title":{"rendered":"Escrib\u00e1: \u00abSi alguien piensa que no soy lo mejor para este equipo, no habr\u00e1 problema\u00bb"},"content":{"rendered":"<p><strong>Su futuro:<\/strong> \u00abNo lo pienso y no lo he hablado con nadie sobre mi continuidad. S\u00ed lo hemos hecho, y me hacen part\u00edcipe, del futuro de la plantilla. Estoy encantando aqu\u00ed y no pienso en otra cosa que no sea seguir aqu\u00ed. Pero si alguien piensa que no soy lo mejor para este equipo, no habr\u00e1 problema aunque tenga contrato\u00bb.<\/p>\n<p><strong>Salvaci\u00f3n con tiempo:<\/strong> \u00abEs importante para el club pero en ning\u00fan caso porque me ayudara a m\u00ed o a que la gente est\u00e9 contenta. No pienso nada en la temporada que viene . Cuando llegue el momento se hablar\u00e1. Lo que transmito es que estoy muy feliz en el club y en la ciudad y eso en esta profesi\u00f3n es muy dif\u00edcil\u00bb.<\/p>\n<p><strong>El once de ma\u00f1ana:<\/strong> \u00abLo tengo claro. Est\u00e1n todos disponibles. Repetir la alineaci\u00f3n es una de las opciones, pero si entrara alguien estoy convencido de que lo har\u00eda bien\u00bb<\/p>\n<p><strong>Mejor momento:<\/strong> \u00abS\u00ed, los resultados y las sensaciones dicen eso. Ten\u00edamos alg\u00fan fallo que afeaba buenos partidos. No los siete han sido buenos, pero ha habido madurez para no perder. Ma\u00f1ana jugamos contra un Racing que viene de una gran actuaci\u00f3n ante el Albacete y queremos dejarles atr\u00e1s en la clasificaci\u00f3n\u00bb.<\/p>\n<p><strong>Porter\u00edas a cero, solidez:<\/strong> \u00abJugamos contra un Granada que llevaba mucho tiempo marcando y les redujimos mucho ese potencial. Es una necesidad de esta categor\u00eda, ser serio y compacto atr\u00e1s y sin dejar de mirar a la porter\u00eda contraria. Hemos conseguido ese equilibrio. Ojal\u00e1 ma\u00f1ana sea tambi\u00e9n as\u00ed\u00bb<\/p>\n<p><strong>Qu\u00e9 partido espera:<\/strong> \u00abEs un equipo muy bien trabajado y con mucho equilibrio. Ha perdido\u00a0 partidos de forma injusta. Es parecido a nosotros y tiene potencial de medio campo hacia arriba y con cambios que aportan cosas. Merece m\u00e1s puntos de los que tienen. Ya se vio en el partido de ida que fue muy complicado y\u00a0 Cristian tuvo que hacer cuatro o cinco paradas de mucho m\u00e9rito\u00bb.<\/p>\n<p><strong>La permanencia sellada:<\/strong> \u00abEst\u00e1 cerca. Nunca he hecho c\u00e1balas en toda mi carrera. No me gustar\u00eda conseguirla porque los dem\u00e1s no sumen sino porque nosotros lo hagamos. Debemos vivir cada partido de aqu\u00ed al final buscando el objetivo m\u00e1s bonito. Pero esto no est\u00e1 hecho\u00bb.<\/p>\n<p><strong>Tranquilidad:<\/strong> \u00abS\u00ed, pero es una arma de doble filo. Venimos de dos encuentros de m\u00e1xima exigencia. La gente pensaba, y con sus razones, que con Levante y Granada no \u00edbamos a sumar&#8230; Puede llegar al vestuario la sensaci\u00f3n de que que si hemos sido capaces de hacer esos resultados el partido de ma\u00f1ana es m\u00e1s f\u00e1cil, y eso es un error porque ser\u00e1 igual de complicado\u00bb.<\/p>\n<p><strong>Nada de relajaci\u00f3n:<\/strong> \u00abHay motivaciones suficientes en las jornadas que quedan para seguir d\u00e1ndolo todo. Estoy muy centrado en ma\u00f1ana. Nos encantar\u00eda sumar los tres puntos\u00a0 para refrendar este buen momento\u00bb.<\/p>\n<p><strong>Gesti\u00f3n del equipo ahora:<\/strong> \u00abVan a jugar muchos jugadores, ojal\u00e1 sean todos y sin regalar un minuto. El que juegue saldr\u00e1 porque se lo merece, pero s\u00ed es cierto que como estoy contento es muy probable que participen muchos\u00bb.<\/p>\n<p><strong>Mollejo:<\/strong> \u00abCreo que s\u00ed podr\u00e9 contar con \u00e9l antes del final. Nos encantar\u00eda que acabara jugando\u00bb.<\/p>\n<p>&nbsp;<\/p>\n<p>&nbsp;<\/p>\n","protected":false},"excerpt":{"rendered":"<p>Su futuro: \u00abNo lo pienso y no lo he hablado con nadie sobre mi continuidad. S\u00ed lo hemos hecho, y me hacen part\u00edcipe, del futuro de la plantilla. Estoy encantando aqu\u00ed y no pienso en otra cosa que no sea seguir aqu\u00ed. Pero si alguien piensa que no soy lo <a class=\"read-more\" href=\"https:\/\/principesdeparis.es\/principes\/escriba-si-alguien-piensa-que-no-soy-lo-mejor-para-este-equipo-no-habra-problema\/\">Sigue leyendo<\/a><\/p>\n","protected":false},"author":2,"featured_media":10961,"comment_status":"open","ping_status":"open","sticky":false,"template":"","format":"standard","meta":{"footnotes":""},"categories":[13,1],"tags":[],"class_list":["post-10960","post","type-post","status-publish","format-standard","has-post-thumbnail","hentry","category-publicidad","category-real-zaragoza"],"_links":{"self":[{"href":"https:\/\/principesdeparis.es\/principes\/wp-json\/wp\/v2\/posts\/10960","targetHints":{"allow":["GET"]}}],"collection":[{"href":"https:\/\/principesdeparis.es\/principes\/wp-json\/wp\/v2\/posts"}],"about":[{"href":"https:\/\/principesdeparis.es\/principes\/wp-json\/wp\/v2\/types\/post"}],"author":[{"embeddable":true,"href":"https:\/\/principesdeparis.es\/principes\/wp-json\/wp\/v2\/users\/2"}],"replies":[{"embeddable":true,"href":"https:\/\/principesdeparis.es\/principes\/wp-json\/wp\/v2\/comments?post=10960"}],"version-history":[{"count":4,"href":"https:\/\/principesdeparis.es\/principes\/wp-json\/wp\/v2\/posts\/10960\/revisions"}],"predecessor-version":[{"id":10965,"href":"https:\/\/principesdeparis.es\/principes\/wp-json\/wp\/v2\/posts\/10960\/revisions\/10965"}],"wp:featuredmedia":[{"embeddable":true,"href":"https:\/\/principesdeparis.es\/principes\/wp-json\/wp\/v2\/media\/10961"}],"wp:attachment":[{"href":"https:\/\/principesdeparis.es\/principes\/wp-json\/wp\/v2\/media?parent=10960"}],"wp:term":[{"taxonomy":"category","embeddable":true,"href":"https:\/\/principesdeparis.es\/principes\/wp-json\/wp\/v2\/categories?post=10960"},{"taxonomy":"post_tag","embeddable":true,"href":"https:\/\/principesdeparis.es\/principes\/wp-json\/wp\/v2\/tags?post=10960"}],"curies":[{"name":"wp","href":"https:\/\/api.w.org\/{rel}","templated":true}]}}