{"id":11160,"date":"2023-05-01T11:14:52","date_gmt":"2023-05-01T11:14:52","guid":{"rendered":"https:\/\/principesdeparis.es\/principes\/?p=11160"},"modified":"2023-05-01T11:14:52","modified_gmt":"2023-05-01T11:14:52","slug":"giuliano-se-despide-de-la-temporada","status":"publish","type":"post","link":"https:\/\/principesdeparis.es\/principes\/giuliano-se-despide-de-la-temporada\/","title":{"rendered":"Giuliano se despide de la temporada"},"content":{"rendered":"<p>Salvo milagro en el tratamiento y la recuperaci\u00f3n, Giuliano Simeone se perder\u00e1 lo que resta de temporada como consecuencia de la lesi\u00f3n de rodilla que sufri\u00f3 ayer al principio del encuentro frente al Las Palmas. El argentino ha sido sometido hoy a una resonancia, pruebas radiol\u00f3gicas han revelado que sufre un esguince grado I en el ligamento lateral interno de su rodilla izquierda. Este tipo de dolencia suele establecer un m\u00ednimo de tres a cuatro semanas para que el futbolista pueda regresar a la actividad, por lo que resulta m\u00e1s que improbable que el pichichi zaragocista con nueve goles, cedido por el Atl\u00e9tico, vuelva a participar en lo que resta de curso, en los cuatro partidos que restan contra Oviedo, Cartagena, Tenerife e Ibiza. El club tiene establecida una preferencia para continuar a pr\u00e9stamo con Simeone si el atacante no recibe una oferta de Primera, algo que podr\u00eda ocurrir en funci\u00f3n del notable rendimiento que est\u00e1 ofreciendo en su primera experiencia en el f\u00fatbol profesional.<\/p>\n","protected":false},"excerpt":{"rendered":"<p>Salvo milagro en el tratamiento y la recuperaci\u00f3n, Giuliano Simeone se perder\u00e1 lo que resta de temporada como consecuencia de la lesi\u00f3n de rodilla que sufri\u00f3 ayer al principio del encuentro frente al Las Palmas. El argentino ha sido sometido hoy a una resonancia, pruebas radiol\u00f3gicas han revelado que sufre <a class=\"read-more\" href=\"https:\/\/principesdeparis.es\/principes\/giuliano-se-despide-de-la-temporada\/\">Sigue leyendo<\/a><\/p>\n","protected":false},"author":2,"featured_media":11161,"comment_status":"open","ping_status":"open","sticky":false,"template":"","format":"standard","meta":{"footnotes":""},"categories":[13,1],"tags":[],"class_list":["post-11160","post","type-post","status-publish","format-standard","has-post-thumbnail","hentry","category-publicidad","category-real-zaragoza"],"_links":{"self":[{"href":"https:\/\/principesdeparis.es\/principes\/wp-json\/wp\/v2\/posts\/11160","targetHints":{"allow":["GET"]}}],"collection":[{"href":"https:\/\/principesdeparis.es\/principes\/wp-json\/wp\/v2\/posts"}],"about":[{"href":"https:\/\/principesdeparis.es\/principes\/wp-json\/wp\/v2\/types\/post"}],"author":[{"embeddable":true,"href":"https:\/\/principesdeparis.es\/principes\/wp-json\/wp\/v2\/users\/2"}],"replies":[{"embeddable":true,"href":"https:\/\/principesdeparis.es\/principes\/wp-json\/wp\/v2\/comments?post=11160"}],"version-history":[{"count":1,"href":"https:\/\/principesdeparis.es\/principes\/wp-json\/wp\/v2\/posts\/11160\/revisions"}],"predecessor-version":[{"id":11162,"href":"https:\/\/principesdeparis.es\/principes\/wp-json\/wp\/v2\/posts\/11160\/revisions\/11162"}],"wp:featuredmedia":[{"embeddable":true,"href":"https:\/\/principesdeparis.es\/principes\/wp-json\/wp\/v2\/media\/11161"}],"wp:attachment":[{"href":"https:\/\/principesdeparis.es\/principes\/wp-json\/wp\/v2\/media?parent=11160"}],"wp:term":[{"taxonomy":"category","embeddable":true,"href":"https:\/\/principesdeparis.es\/principes\/wp-json\/wp\/v2\/categories?post=11160"},{"taxonomy":"post_tag","embeddable":true,"href":"https:\/\/principesdeparis.es\/principes\/wp-json\/wp\/v2\/tags?post=11160"}],"curies":[{"name":"wp","href":"https:\/\/api.w.org\/{rel}","templated":true}]}}