{"id":11173,"date":"2023-05-03T08:15:17","date_gmt":"2023-05-03T08:15:17","guid":{"rendered":"https:\/\/principesdeparis.es\/principes\/?p=11173"},"modified":"2023-05-03T08:19:55","modified_gmt":"2023-05-03T08:19:55","slug":"bermejo-el-ano-que-viene-se-notara-esta-progresion-del-equipo","status":"publish","type":"post","link":"https:\/\/principesdeparis.es\/principes\/bermejo-el-ano-que-viene-se-notara-esta-progresion-del-equipo\/","title":{"rendered":"Bermejo: \u00abEl a\u00f1o que viene se notar\u00e1 esta progresi\u00f3n del equipo\u00bb"},"content":{"rendered":"<p><strong>Evoluci\u00f3n personal:<\/strong> \u00abEstoy en muy buen momento. He pasado por fases complicadas. La lesi\u00f3n de Andorra me cost\u00f3 dejarla atr\u00e1s m\u00e1s de lo previsto pero ahora me encuentro muy bien\u00bb.<\/p>\n<p><strong>Su mejor versi\u00f3n:<\/strong> \u00abSiempre se puede mejorar pese a que est\u00e9 en un buen momento. El equipo tambi\u00e9n ayuda. Estoy feliz despu\u00e9s de pasar un tramo en el que no me encontraba al cien por cien. Por suerte ha quedado atr\u00e1s y desde hace varios partidos estoy muy bien\u00bb.<\/p>\n<p><strong>Su posici\u00f3n:<\/strong> \u00abTodo depende de lo que pida el m\u00edster. Con el 1-4-4-2 me da libertad para actuar por dentro y estoy c\u00f3modo jugando as\u00ed\u00bb.<\/p>\n<p><strong>Sus goles:<\/strong> \u00abTodo acompa\u00f1a. Los goles te dan confianza y he tenido ocasiones para que fueran m\u00e1s. Por suerte s\u00ed los estoy haciendo \u00faltimamente\u00bb.<\/p>\n<p><strong>La temporada:<\/strong> \u00abUn sabor un poco agridulce. Esta din\u00e1mica sin conocer la derrota ha confirmado que nos hallamos en un buen momento y que podr\u00eda seguir. Pero ya quedan poco partidos y hay que valorar lo hecho\u00bb.<\/p>\n<p><strong>Tranquilidad:<\/strong> \u00abQuedan cuatro partidos y somos ambiciosos para quedar lo mejor posible. S\u00ed es cierto que en varios momentos de la Liga hemos mirado m\u00e1s abajo que arriba, pero despu\u00e9s de estos diez encuentros seguidos sin perder todo se ve mejor\u00bb.<\/p>\n<p><strong>Futuro:<\/strong> \u00abTodo proyecto tiene su proceso. Desde que lleg\u00f3 el m\u00edster su idea ha calado y de cara a la pr\u00f3xima campa\u00f1a la idea es seguir as\u00ed y mejorar. Aun as\u00ed no miramos la pr\u00f3xima temporada. Lo que venga el a\u00f1o que viene no nos preocupa ahora. Debemos centrarnos en lo que resta de competici\u00f3n\u00bb.<\/p>\n<p><strong>El ascenso:<\/strong> \u00abTodos los a\u00f1os queremos conseguir el objetivo. El proyecto es ambicioso y queremos estar en Primera. Se est\u00e1n haciendo las cosas bien y el a\u00f1o que viene se notar\u00e1 esta progresi\u00f3n del equipo\u00bb.<\/p>\n<p><strong>La lesi\u00f3n de Simeone: <\/strong>\u00abEs un jugador importante. Esperemos que se recupere lo antes posible por su bien y el del equipo\u00bb.<\/p>\n<p><strong>El Oviedo:<\/strong> \u00abVamos a por los tres puntos. La ilusi\u00f3n es acabar lo m\u00e1s arriba posible y pasa en primer lugar por esa victoria\u00bb.<\/p>\n","protected":false},"excerpt":{"rendered":"<p>Evoluci\u00f3n personal: \u00abEstoy en muy buen momento. He pasado por fases complicadas. La lesi\u00f3n de Andorra me cost\u00f3 dejarla atr\u00e1s m\u00e1s de lo previsto pero ahora me encuentro muy bien\u00bb. Su mejor versi\u00f3n: \u00abSiempre se puede mejorar pese a que est\u00e9 en un buen momento. El equipo tambi\u00e9n ayuda. Estoy <a class=\"read-more\" href=\"https:\/\/principesdeparis.es\/principes\/bermejo-el-ano-que-viene-se-notara-esta-progresion-del-equipo\/\">Sigue leyendo<\/a><\/p>\n","protected":false},"author":2,"featured_media":11174,"comment_status":"open","ping_status":"open","sticky":false,"template":"","format":"standard","meta":{"footnotes":""},"categories":[13,1],"tags":[],"class_list":["post-11173","post","type-post","status-publish","format-standard","has-post-thumbnail","hentry","category-publicidad","category-real-zaragoza"],"_links":{"self":[{"href":"https:\/\/principesdeparis.es\/principes\/wp-json\/wp\/v2\/posts\/11173","targetHints":{"allow":["GET"]}}],"collection":[{"href":"https:\/\/principesdeparis.es\/principes\/wp-json\/wp\/v2\/posts"}],"about":[{"href":"https:\/\/principesdeparis.es\/principes\/wp-json\/wp\/v2\/types\/post"}],"author":[{"embeddable":true,"href":"https:\/\/principesdeparis.es\/principes\/wp-json\/wp\/v2\/users\/2"}],"replies":[{"embeddable":true,"href":"https:\/\/principesdeparis.es\/principes\/wp-json\/wp\/v2\/comments?post=11173"}],"version-history":[{"count":3,"href":"https:\/\/principesdeparis.es\/principes\/wp-json\/wp\/v2\/posts\/11173\/revisions"}],"predecessor-version":[{"id":11177,"href":"https:\/\/principesdeparis.es\/principes\/wp-json\/wp\/v2\/posts\/11173\/revisions\/11177"}],"wp:featuredmedia":[{"embeddable":true,"href":"https:\/\/principesdeparis.es\/principes\/wp-json\/wp\/v2\/media\/11174"}],"wp:attachment":[{"href":"https:\/\/principesdeparis.es\/principes\/wp-json\/wp\/v2\/media?parent=11173"}],"wp:term":[{"taxonomy":"category","embeddable":true,"href":"https:\/\/principesdeparis.es\/principes\/wp-json\/wp\/v2\/categories?post=11173"},{"taxonomy":"post_tag","embeddable":true,"href":"https:\/\/principesdeparis.es\/principes\/wp-json\/wp\/v2\/tags?post=11173"}],"curies":[{"name":"wp","href":"https:\/\/api.w.org\/{rel}","templated":true}]}}