{"id":11184,"date":"2023-05-04T08:32:35","date_gmt":"2023-05-04T08:32:35","guid":{"rendered":"https:\/\/principesdeparis.es\/principes\/?p=11184"},"modified":"2023-05-04T08:32:35","modified_gmt":"2023-05-04T08:32:35","slug":"la-exigencia-como-antidoto-contra-la-agonia","status":"publish","type":"post","link":"https:\/\/principesdeparis.es\/principes\/la-exigencia-como-antidoto-contra-la-agonia\/","title":{"rendered":"La exigencia como ant\u00eddoto contra la agon\u00eda"},"content":{"rendered":"<p>En las \u00abCoplas a la muerte de su padre\u00bb Jorge Manrique expres\u00f3 algo que no se supo interpretar entonces. \u00abRecuerde el alma dormida \/ avive el seso y despierte \/ contemplando \/ c\u00f3mo se pasa la vida, \/ c\u00f3mo se viene la muerte \/ tan callando; \/ cu\u00e1n presto se va el placer; \/ c\u00f3mo despu\u00e9s de acordado \/ da dolor; \/ c\u00f3mo a nuestro parecer \/ cualquier tiempo pasado \/ fue mejor\u00bb. El poeta del siglo XV no intent\u00f3 expresar que aquello que vivimos con anterioridad fuera m\u00e1s grato. De hecho, los cient\u00edficos actuales asumen que el cerebro de las personas reconstruye el pasado y recuerda lo m\u00e1s positivo de nuestra existencia olvidando las desgracias.<\/p>\n<p>Quiero decir con esto que la situaci\u00f3n del zaragocismo es complicada, dif\u00edcil y con una perspectiva donde los llamados \u00abfondos buitre\u00bb han venido para quedarse. Pero no olvidemos que tambi\u00e9n sufrimos hace sesenta a\u00f1os cuando el Real Zaragoza disput\u00f3 cuatro finales de Copa consecutivas y dos Copas de Ferias, que con los zaraguayos se descendi\u00f3 a Segunda Divisi\u00f3n y que con Beenhakker, pese a su f\u00fatbol exquisito en la Romareda, no se clasific\u00f3 el equipo para la UEFA. Sin contar el descalabro tras ganar la Recopa de Europa en el Parque de los Pr\u00edncipes, el descenso a Segunda despu\u00e9s de poder conquistar la Liga o las dos \u00faltimas finales de Copa donde se venci\u00f3 a los \u00abgal\u00e1cticos\u00bb y se perdi\u00f3 frente al Espanyol.<\/p>\n<p>No se puede juzgar el pasado con los ojos del presente porque entonces tambi\u00e9n se cometieron errores de bulto. Y la afici\u00f3n, hace medio siglo implacable, es ahora mucho m\u00e1s cercana a los jugadores aunque el club se haya distanciado. La situaci\u00f3n es ag\u00f3nica, pero de la exigencia saldr\u00e1 el hueco por donde meter la cabeza y sacar el resto del cuerpo. Aunque los pol\u00edticos de ahora sean tan ego\u00edstas como los del siglo pasado.<\/p>\n","protected":false},"excerpt":{"rendered":"<p>En las \u00abCoplas a la muerte de su padre\u00bb Jorge Manrique expres\u00f3 algo que no se supo interpretar entonces. \u00abRecuerde el alma dormida \/ avive el seso y despierte \/ contemplando \/ c\u00f3mo se pasa la vida, \/ c\u00f3mo se viene la muerte \/ tan callando; \/ cu\u00e1n presto se <a class=\"read-more\" href=\"https:\/\/principesdeparis.es\/principes\/la-exigencia-como-antidoto-contra-la-agonia\/\">Sigue leyendo<\/a><\/p>\n","protected":false},"author":3,"featured_media":10645,"comment_status":"open","ping_status":"open","sticky":false,"template":"","format":"standard","meta":{"footnotes":""},"categories":[16,13],"tags":[],"class_list":["post-11184","post","type-post","status-publish","format-standard","has-post-thumbnail","hentry","category-el10","category-publicidad"],"_links":{"self":[{"href":"https:\/\/principesdeparis.es\/principes\/wp-json\/wp\/v2\/posts\/11184","targetHints":{"allow":["GET"]}}],"collection":[{"href":"https:\/\/principesdeparis.es\/principes\/wp-json\/wp\/v2\/posts"}],"about":[{"href":"https:\/\/principesdeparis.es\/principes\/wp-json\/wp\/v2\/types\/post"}],"author":[{"embeddable":true,"href":"https:\/\/principesdeparis.es\/principes\/wp-json\/wp\/v2\/users\/3"}],"replies":[{"embeddable":true,"href":"https:\/\/principesdeparis.es\/principes\/wp-json\/wp\/v2\/comments?post=11184"}],"version-history":[{"count":1,"href":"https:\/\/principesdeparis.es\/principes\/wp-json\/wp\/v2\/posts\/11184\/revisions"}],"predecessor-version":[{"id":11185,"href":"https:\/\/principesdeparis.es\/principes\/wp-json\/wp\/v2\/posts\/11184\/revisions\/11185"}],"wp:featuredmedia":[{"embeddable":true,"href":"https:\/\/principesdeparis.es\/principes\/wp-json\/wp\/v2\/media\/10645"}],"wp:attachment":[{"href":"https:\/\/principesdeparis.es\/principes\/wp-json\/wp\/v2\/media?parent=11184"}],"wp:term":[{"taxonomy":"category","embeddable":true,"href":"https:\/\/principesdeparis.es\/principes\/wp-json\/wp\/v2\/categories?post=11184"},{"taxonomy":"post_tag","embeddable":true,"href":"https:\/\/principesdeparis.es\/principes\/wp-json\/wp\/v2\/tags?post=11184"}],"curies":[{"name":"wp","href":"https:\/\/api.w.org\/{rel}","templated":true}]}}