{"id":11186,"date":"2023-05-05T09:25:15","date_gmt":"2023-05-05T09:25:15","guid":{"rendered":"https:\/\/principesdeparis.es\/principes\/?p=11186"},"modified":"2023-05-05T10:05:00","modified_gmt":"2023-05-05T10:05:00","slug":"escriba-el-futuro-es-ilusionante-y-ambicioso","status":"publish","type":"post","link":"https:\/\/principesdeparis.es\/principes\/escriba-el-futuro-es-ilusionante-y-ambicioso\/","title":{"rendered":"Escrib\u00e1: \u00abEl futuro es ilusionante y ambicioso\u00bb"},"content":{"rendered":"<p><strong>Mollejo y Giuliano:<\/strong> \u00abMollejo est\u00e1 muy bien, trabaja con el grupo. \u00bfSi le vemos para esta semana? No lo creo. Existe la opci\u00f3n pero es m\u00e1s probable para la pr\u00f3xima. Simeone, una vez conocido el alcance de su lesi\u00f3n estar\u00e1 muy justo para jugar alg\u00fan partido de los que quedan, quiz\u00e1s para el \u00faltimo, pero puede que no valga la pena ni eso para no arriesgar\u00bb.<\/p>\n<p><strong>Porter\u00eda sin Cristian:<\/strong> \u00abTengo decidido qui\u00e9n ser\u00e1 el titular pero no lo voy a decir. Van a venir los dos (Rat\u00f3n y Rebollo) pese a lo que se juega el filial, y ocurre lo mismo con Pau Sans. Tenemos que pensar en los tres puntos\u00bb.<\/p>\n<p><strong>Relevo de Giuliano:<\/strong> \u00abTenemos varias opciones e incluso la de un solo delantero. Juguemos de una forma u otra seremos el equipo reconocible de siempre\u00bb.<\/p>\n<p><strong>Dos rivales en forma:<\/strong> \u00abSomos equipos parecidos en algunas cosas. En el orden, con capacidad de trabajo. El Oviedo viene en una racha espectacular y ser\u00e1 dif\u00edcil. Est\u00e1n lejos de playoff pero tienen sus opciones porque ha cogido esa racha que pens\u00e1bamos en un momento para nosotros. Adem\u00e1s ha resuelto fenomenal la baja de Borja Bast\u00f3n, su goleador. Como digo siempre, si damos nuestro nivel tendremos opciones de ganar\u00bb.<\/p>\n<p><strong>Por qu\u00e9 antes Gueye que Pau:<\/strong> \u00abEntiendo que haya quien prefiera a Pau. Busco lo mejor para cada momento. Gueye sali\u00f3 ante el Las Palmas para el juego a\u00e9reo y para aguantar el bal\u00f3n, pero entr\u00f3 en un momento dif\u00edcil, con el 1-1. No es una decisi\u00f3n que tenga clara. Le doy mil vueltas y valoramos todo. Piensas en los momentos del partido. Elegimos qui\u00e9n nos viene mejor en funci\u00f3n de c\u00f3mo se desarrolle el partido, pero no hay preferencia por nadie\u00bb.<\/p>\n<p><strong>Motivaci\u00f3n versus relajaci\u00f3n:<\/strong> \u00abAunque fueran amistosos no hay motivo m\u00e1s bonito que pensar en tu club y defender este escudo. Vamos a por los 12 puntos que restan. Quiero que el equipo lo d\u00e9 todo y s\u00e9 que el grupo lo har\u00e1 porque son todos muy honestos. Ya tengo claro todo lo que me pude dar cada jugador, mal ir\u00eda si despu\u00e9s de todos estos meses no lo supiera. Otra cosa es que salga alguno y haga un gran partido y no lo esperaba o al contrario. Mi idea es ganar los cuatro encuentros y poner a los jugadores que crea conveniente cuenten o no para el a\u00f1o que viene\u00bb.<\/p>\n<p><strong>Zapater:<\/strong> \u00abPara m\u00ed ha sido importante y ha participado mucho. Pero tenemos que sentarnos con la direcci\u00f3n deportiva y escuchar al jugador para hablar de futuro con \u00e9l. Es una cuesti\u00f3n m\u00e1s de direcci\u00f3n deportiva\u00bb.<\/p>\n<p><strong>Pr\u00f3xima temporada:<\/strong> \u00abEstoy muy centrado en lo que viene, los cuatro partidos. Nos reunimos y hablamos mucho. Tienen muchos jugadores vistos y seguramente ya se habr\u00e1 contactado con alguno de ellos. La idea del club y de todos es que, para ser candidatos, si podemos dar tres pasos no daremos uno. Tenemos un futuro muy ilusionante y espero que salgan adelante todas las ideas que tiene Cordero. El proyecto, con nuestras limitaciones, va a ser muy ilusionante y ambicioso. Con esa idea vinimos Cordero y yo\u00bb.<\/p>\n<p><strong>Los cedidos:<\/strong> \u00abMe gustar\u00eda que siguiera Llu\u00eds L\u00f3pez porque cuando no juega anima en el vestuario en lugar de pensar que le salga mal a un compa\u00f1ero, y eso me ha ganado. Se tienen que dar las circunstancias, que el chico entienda nuestro presente pero tambi\u00e9n nuestro futuro\u00bb.<\/p>\n","protected":false},"excerpt":{"rendered":"<p>Mollejo y Giuliano: \u00abMollejo est\u00e1 muy bien, trabaja con el grupo. \u00bfSi le vemos para esta semana? No lo creo. Existe la opci\u00f3n pero es m\u00e1s probable para la pr\u00f3xima. Simeone, una vez conocido el alcance de su lesi\u00f3n estar\u00e1 muy justo para jugar alg\u00fan partido de los que quedan, <a class=\"read-more\" href=\"https:\/\/principesdeparis.es\/principes\/escriba-el-futuro-es-ilusionante-y-ambicioso\/\">Sigue leyendo<\/a><\/p>\n","protected":false},"author":2,"featured_media":11187,"comment_status":"open","ping_status":"open","sticky":false,"template":"","format":"standard","meta":{"footnotes":""},"categories":[13,1],"tags":[],"class_list":["post-11186","post","type-post","status-publish","format-standard","has-post-thumbnail","hentry","category-publicidad","category-real-zaragoza"],"_links":{"self":[{"href":"https:\/\/principesdeparis.es\/principes\/wp-json\/wp\/v2\/posts\/11186","targetHints":{"allow":["GET"]}}],"collection":[{"href":"https:\/\/principesdeparis.es\/principes\/wp-json\/wp\/v2\/posts"}],"about":[{"href":"https:\/\/principesdeparis.es\/principes\/wp-json\/wp\/v2\/types\/post"}],"author":[{"embeddable":true,"href":"https:\/\/principesdeparis.es\/principes\/wp-json\/wp\/v2\/users\/2"}],"replies":[{"embeddable":true,"href":"https:\/\/principesdeparis.es\/principes\/wp-json\/wp\/v2\/comments?post=11186"}],"version-history":[{"count":5,"href":"https:\/\/principesdeparis.es\/principes\/wp-json\/wp\/v2\/posts\/11186\/revisions"}],"predecessor-version":[{"id":11192,"href":"https:\/\/principesdeparis.es\/principes\/wp-json\/wp\/v2\/posts\/11186\/revisions\/11192"}],"wp:featuredmedia":[{"embeddable":true,"href":"https:\/\/principesdeparis.es\/principes\/wp-json\/wp\/v2\/media\/11187"}],"wp:attachment":[{"href":"https:\/\/principesdeparis.es\/principes\/wp-json\/wp\/v2\/media?parent=11186"}],"wp:term":[{"taxonomy":"category","embeddable":true,"href":"https:\/\/principesdeparis.es\/principes\/wp-json\/wp\/v2\/categories?post=11186"},{"taxonomy":"post_tag","embeddable":true,"href":"https:\/\/principesdeparis.es\/principes\/wp-json\/wp\/v2\/tags?post=11186"}],"curies":[{"name":"wp","href":"https:\/\/api.w.org\/{rel}","templated":true}]}}