{"id":11193,"date":"2023-05-05T10:53:42","date_gmt":"2023-05-05T10:53:42","guid":{"rendered":"https:\/\/principesdeparis.es\/principes\/?p=11193"},"modified":"2023-05-05T11:39:15","modified_gmt":"2023-05-05T11:39:15","slug":"fallece-arsenio-iglesias-exentrenador-del-real-zaragoza","status":"publish","type":"post","link":"https:\/\/principesdeparis.es\/principes\/fallece-arsenio-iglesias-exentrenador-del-real-zaragoza\/","title":{"rendered":"Fallece Arsenio Iglesias, exentrenador del Real Zaragoza"},"content":{"rendered":"<p>Arsenio Iglesias, el t\u00e9cnico del Superdepor y que fuera entrenador del Real Zaragoza en la temporada 1977-1978, ha fallecido este viernes a los 92 a\u00f1os. <em>O bruxo de Arteixo<\/em> arrastraba desde hace varios a\u00f1os problemas de salud que se han agravado con el tiempo. Con el Deportivo, el club de su vida que dirigi\u00f3 en dos etapas, se proclam\u00f3 campe\u00f3n de Copa en 1995 y roz\u00f3 el t\u00edtulo de Liga en 1994, t\u00edtulo que le escap\u00f3 con aquel fat\u00eddico penalti fallado por Djukic en el minuto 89 ante el Valencia en la \u00faltima jornada. Posteriormente, en el curso 1995-1996, tuvo un paso fugaz por el banquillo del Real Madrid en sustituci\u00f3n de Vicente del Bosque . En su dilatada trayectoria profesional estuvo tambi\u00e9n al frente del Burgos, el H\u00e9rcules, el Elche y el Almer\u00eda. El coru\u00f1\u00e9s se hizo con el Real Zaragoza despu\u00e9s de que el conjunto aragon\u00e9s descendiera con Lucien Muller en 1976 y consigui\u00f3 devolverlo a Primera como campe\u00f3n de Segunda.<\/p>\n<p>Aquella temporada Gil Lecha, en una dram\u00e1tica situaci\u00f3n econ\u00f3mica, hab\u00eda tomado el relevo en la presidencia de Jos\u00e9 \u00c1ngel Zalba y no fue un camino de rosas aunque el resultado final diga lo contrario. Arsenio estableci\u00f3 un estilo en el que imperaba el resguardo defensivo y choc\u00f3 frontalmente con la afici\u00f3n, que no dej\u00f3 de pedir su destituci\u00f3n pr\u00e1cticamente durante todo el ejercicio, cuando el equipo tuvo dudas en la primera vuelta y en una segunda mucho m\u00e1s pl\u00e1cida. Los goles de Pichi Alonso &#8211;marc\u00f3 22&#8211; y el regreso de Arr\u00faa, lesionado al comienzo, resultaron clave para celebrar el regreso a la \u00e9lite con tres jornadas de anticipaci\u00f3n. Aun as\u00ed, el p\u00fablico no le perdon\u00f3 que antepusiera el pragmatismo al espect\u00e1culo y le grit\u00f3 que se fuera incluso en la celebraci\u00f3n del ascenso, el d\u00eda de San Jorge tras una victoria sobre el Alav\u00e9s.<\/p>\n","protected":false},"excerpt":{"rendered":"<p>Arsenio Iglesias, el t\u00e9cnico del Superdepor y que fuera entrenador del Real Zaragoza en la temporada 1977-1978, ha fallecido este viernes a los 92 a\u00f1os. O bruxo de Arteixo arrastraba desde hace varios a\u00f1os problemas de salud que se han agravado con el tiempo. Con el Deportivo, el club de <a class=\"read-more\" href=\"https:\/\/principesdeparis.es\/principes\/fallece-arsenio-iglesias-exentrenador-del-real-zaragoza\/\">Sigue leyendo<\/a><\/p>\n","protected":false},"author":2,"featured_media":11194,"comment_status":"open","ping_status":"open","sticky":false,"template":"","format":"standard","meta":{"footnotes":""},"categories":[13,1],"tags":[],"class_list":["post-11193","post","type-post","status-publish","format-standard","has-post-thumbnail","hentry","category-publicidad","category-real-zaragoza"],"_links":{"self":[{"href":"https:\/\/principesdeparis.es\/principes\/wp-json\/wp\/v2\/posts\/11193","targetHints":{"allow":["GET"]}}],"collection":[{"href":"https:\/\/principesdeparis.es\/principes\/wp-json\/wp\/v2\/posts"}],"about":[{"href":"https:\/\/principesdeparis.es\/principes\/wp-json\/wp\/v2\/types\/post"}],"author":[{"embeddable":true,"href":"https:\/\/principesdeparis.es\/principes\/wp-json\/wp\/v2\/users\/2"}],"replies":[{"embeddable":true,"href":"https:\/\/principesdeparis.es\/principes\/wp-json\/wp\/v2\/comments?post=11193"}],"version-history":[{"count":6,"href":"https:\/\/principesdeparis.es\/principes\/wp-json\/wp\/v2\/posts\/11193\/revisions"}],"predecessor-version":[{"id":11200,"href":"https:\/\/principesdeparis.es\/principes\/wp-json\/wp\/v2\/posts\/11193\/revisions\/11200"}],"wp:featuredmedia":[{"embeddable":true,"href":"https:\/\/principesdeparis.es\/principes\/wp-json\/wp\/v2\/media\/11194"}],"wp:attachment":[{"href":"https:\/\/principesdeparis.es\/principes\/wp-json\/wp\/v2\/media?parent=11193"}],"wp:term":[{"taxonomy":"category","embeddable":true,"href":"https:\/\/principesdeparis.es\/principes\/wp-json\/wp\/v2\/categories?post=11193"},{"taxonomy":"post_tag","embeddable":true,"href":"https:\/\/principesdeparis.es\/principes\/wp-json\/wp\/v2\/tags?post=11193"}],"curies":[{"name":"wp","href":"https:\/\/api.w.org\/{rel}","templated":true}]}}