{"id":11207,"date":"2023-05-07T15:18:29","date_gmt":"2023-05-07T15:18:29","guid":{"rendered":"https:\/\/principesdeparis.es\/principes\/?p=11207"},"modified":"2023-05-07T15:52:38","modified_gmt":"2023-05-07T15:52:38","slug":"raton-y-puche-son-los-elegidos","status":"publish","type":"post","link":"https:\/\/principesdeparis.es\/principes\/raton-y-puche-son-los-elegidos\/","title":{"rendered":"Rat\u00f3n y Puche son los elegidos"},"content":{"rendered":"<p>Como m\u00e1s o menos se presupon\u00eda, Rat\u00f3n en la porter\u00eda y Puche en ataque han sido los elegidos por Escrib\u00e1 para cubrir las bajas de Cristian, sancionado por su expulsi\u00f3n contra el Las Palmas, y Giuliano, lesionado en el mismo encuentro. El resto de la alineaci\u00f3n se mantiene inalterable para un encuentro donde el Real Zaragoza buscar\u00e1 con una victoria certificar la permanencia definitiva despu\u00e9s de diez jornadas consecutivas sin perder. Le espera el Real Oviedo, el equipo m\u00e1s en forma del campeonato en estos momentos tras enganchar cuatro triunfos de la mano de \u00c1lvaro Cervera y dispuesto a perseguir la utop\u00eda del playoff.<\/p>\n<p>El conjunto aragon\u00e9s, por lo tanto, no renuncia al 1-4-4-2 de su entrenador, un dibujo que le ha dado personalidad y buenos resultados en los que se echan de menos m\u00e1s victorias. La elecci\u00f3n para los puestos vacantes, aunque parec\u00eda meridianamente clara conociendo el car\u00e1cter de Escrib\u00e1, ha provocado un par de peque\u00f1os se\u00edsmos entre quienes consideraban que Rebollo deber\u00eda jugar de principio si viajaba a Oviedo y dejaba al filial en plena batalla por la salvaci\u00f3n,\u00a0 y aquellos que consideran que Pau Sans tendr\u00eda que estar por delante de Puche y del incalificable Gueye.<\/p>\n<p>Rat\u00f3n disputar\u00e1 su quinto partido de titular despu\u00e9s de su participaci\u00f3n contra M\u00e1laga, Burgos, Ibiza y Albacete, cuatro citas en las que el Real Zaragoza no perdi\u00f3, mientras que Puche aparece en el once por d\u00e9cima ocasi\u00f3n sin que en ninguna de ellas haya pasado m\u00e1s de 78 minutos en el campo, concretamente frente al Legan\u00e9s, contra el que logr\u00f3 el \u00fanico tanto que figura en su cuenta goleadora. El guardameta finaliza contrato esta temporada y posiblemente juegue esta tarde su \u00faltimo partido como zaragocista despu\u00e9s de siete temporadas desde que llegara del Villanovense.<\/p>\n<p><strong>La alineaci\u00f3n del Real Oviedo<\/strong><\/p>\n<blockquote class=\"twitter-tweet\">\n<p dir=\"ltr\" lang=\"es\">&#x2694;&#xfe0f; Nuestros <a href=\"https:\/\/twitter.com\/hashtag\/GuardianesDelOrgullo?src=hash&amp;ref_src=twsrc%5Etfw\">#GuardianesDelOrgullo<\/a> &#x2694;&#xfe0f;<a href=\"https:\/\/twitter.com\/hashtag\/RealOviedoZaragoza?src=hash&amp;ref_src=twsrc%5Etfw\">#RealOviedoZaragoza<\/a><a href=\"https:\/\/twitter.com\/hashtag\/RealOviedo?src=hash&amp;ref_src=twsrc%5Etfw\">#RealOviedo<\/a><a href=\"https:\/\/twitter.com\/hashtag\/VamosOviedo?src=hash&amp;ref_src=twsrc%5Etfw\">#VamosOviedo<\/a> &#x1f535;&#x26aa;&#xfe0f; <a href=\"https:\/\/t.co\/b2nUSCGqxe\">pic.twitter.com\/b2nUSCGqxe<\/a><\/p>\n<p>\u2014 Real Oviedo (@RealOviedo) <a href=\"https:\/\/twitter.com\/RealOviedo\/status\/1655229661209559042?ref_src=twsrc%5Etfw\">May 7, 2023<\/a><\/p><\/blockquote>\n<p><script async src=\"https:\/\/platform.twitter.com\/widgets.js\" charset=\"utf-8\"><\/script><\/p>\n","protected":false},"excerpt":{"rendered":"<p>Como m\u00e1s o menos se presupon\u00eda, Rat\u00f3n en la porter\u00eda y Puche en ataque han sido los elegidos por Escrib\u00e1 para cubrir las bajas de Cristian, sancionado por su expulsi\u00f3n contra el Las Palmas, y Giuliano, lesionado en el mismo encuentro. El resto de la alineaci\u00f3n se mantiene inalterable para <a class=\"read-more\" href=\"https:\/\/principesdeparis.es\/principes\/raton-y-puche-son-los-elegidos\/\">Sigue leyendo<\/a><\/p>\n","protected":false},"author":2,"featured_media":11208,"comment_status":"open","ping_status":"open","sticky":false,"template":"","format":"standard","meta":{"footnotes":""},"categories":[13,1],"tags":[],"class_list":["post-11207","post","type-post","status-publish","format-standard","has-post-thumbnail","hentry","category-publicidad","category-real-zaragoza"],"_links":{"self":[{"href":"https:\/\/principesdeparis.es\/principes\/wp-json\/wp\/v2\/posts\/11207","targetHints":{"allow":["GET"]}}],"collection":[{"href":"https:\/\/principesdeparis.es\/principes\/wp-json\/wp\/v2\/posts"}],"about":[{"href":"https:\/\/principesdeparis.es\/principes\/wp-json\/wp\/v2\/types\/post"}],"author":[{"embeddable":true,"href":"https:\/\/principesdeparis.es\/principes\/wp-json\/wp\/v2\/users\/2"}],"replies":[{"embeddable":true,"href":"https:\/\/principesdeparis.es\/principes\/wp-json\/wp\/v2\/comments?post=11207"}],"version-history":[{"count":12,"href":"https:\/\/principesdeparis.es\/principes\/wp-json\/wp\/v2\/posts\/11207\/revisions"}],"predecessor-version":[{"id":11220,"href":"https:\/\/principesdeparis.es\/principes\/wp-json\/wp\/v2\/posts\/11207\/revisions\/11220"}],"wp:featuredmedia":[{"embeddable":true,"href":"https:\/\/principesdeparis.es\/principes\/wp-json\/wp\/v2\/media\/11208"}],"wp:attachment":[{"href":"https:\/\/principesdeparis.es\/principes\/wp-json\/wp\/v2\/media?parent=11207"}],"wp:term":[{"taxonomy":"category","embeddable":true,"href":"https:\/\/principesdeparis.es\/principes\/wp-json\/wp\/v2\/categories?post=11207"},{"taxonomy":"post_tag","embeddable":true,"href":"https:\/\/principesdeparis.es\/principes\/wp-json\/wp\/v2\/tags?post=11207"}],"curies":[{"name":"wp","href":"https:\/\/api.w.org\/{rel}","templated":true}]}}