{"id":11246,"date":"2023-05-11T10:13:51","date_gmt":"2023-05-11T10:13:51","guid":{"rendered":"https:\/\/principesdeparis.es\/principes\/?p=11246"},"modified":"2023-05-11T10:22:07","modified_gmt":"2023-05-11T10:22:07","slug":"frances-ni-de-banderillero","status":"publish","type":"post","link":"https:\/\/principesdeparis.es\/principes\/frances-ni-de-banderillero\/","title":{"rendered":"Franc\u00e9s, ni de banderillero"},"content":{"rendered":"<p>\u00abRespecto a la ausencia de Fran G\u00e1mez tenemos dos opciones muy buenas, tanto la de lateral natural como Larrazabal como la de Vigaray como el tema de adapta a Franc\u00e9s. Estamos seguros de que quien salga lo har\u00e1 muy bien, como lo hizo Larra el otro d\u00eda\u00bb. Esta fue la primera respuesta de Fran Escrib\u00e1 sobre c\u00f3mo piensa solucionar el vac\u00edo que deja G\u00e1mez por lesi\u00f3n ante el Cartagena este s\u00e1bado, en donde ya deja entrever que el vizca\u00edno es su preferencia. M\u00e1s directo fue m\u00e1s adelante, cuando se le cuestion\u00f3 de nuevo por la que puede ser la \u00fanica novedad en el once con respecto al \u00faltimo encuentro. \u00abMi primera opci\u00f3n es Larra porque es l\u00f3gico, porque se adapta muy bien. Franc\u00e9s es un central que puede jugar de lateral porque es un jugador intenso. En algunos partidos nos lo hemos planteado, pero ha entrenado poco ah\u00ed\u00bb.<\/p>\n<p>Nadie sabe muy bien qu\u00e9 ocurre como el que fuera uno de los jugadores franquicia de la plantilla. Internacional sub 21 y objeto de inter\u00e9s de alg\u00fan club de Primera, se\u00f1alado por su rendimiento como uno de los mejores defensores del campeonato, ha quedado descartado de cuajo para el entrenador.\u00a0 En el eje de la zaga y en banda ahora que se abr\u00eda esa posibilidad, posici\u00f3n que conoce a la perfecci\u00f3n. Su lesi\u00f3n de ligamento colateral cubital del codo derecho ante el Lugo, que le tuvo seis partidos fuera de combate, tampoco le ayud\u00f3 a seguir con su estupenda progresi\u00f3n.<\/p>\n<p>Si se confirma su suplencia frente al Cartagena, ser\u00e1 la s\u00e9ptima ocasi\u00f3n que se queda fuera del equipo desde que participara la \u00faltima vez frente al Albacete en la jornada 33. Una semana despu\u00e9s de la cita ante los manchegos, tuvo 4 minutos en la recta final de la victoria sobre el Granada. Desde entonces, la nada, una situaci\u00f3n que no tiene especialmente feliz al futbolista, quien, por otra parte, tampoco se ha aproximado ni por lo m\u00e1s remoto a su nivel de rendimiento de las dos anteriores campa\u00f1as.<\/p>\n<p>Llu\u00eds L\u00f3pez, antes tercer central ante la armon\u00eda de la sociedad Franc\u00e9s-Jair, se ha hecho con el puesto del zaragozano. La correcta respuesta del catal\u00e1n aun con sus lagunas de concentraci\u00f3n han hecho que se gane la absoluta confianza del t\u00e9cnico en este tramo del torneo. El canterano, que ha sido de la partida en 19 encuentros, no alcanzar\u00e1 ya en ning\u00fan caso las 24 del curso anterior ni las 33 de la 2020-2021. La dolencia en la musculatura isquiosural de la pierna izquierda que amenaza a G\u00e1mez con impedirle participar en los tres partidos que restan, tampoco ha hecho que Escrib\u00e1 se cuestione darle entrada de lateral, con Larrazabal, como ya demostr\u00f3 en Oviedo, por delante en sus prioridades. El dilema es si Franc\u00e9s est\u00e1 dispuesto a asumir ese rol secundario en un futuro o si entre el club y el jugador buscar\u00e1n una soluci\u00f3n siempre y cuando aparezca una oferta interesante, algo ahora mismo poco probable. \u00abNo hay caso Franc\u00e9s\u00bb, dijo Escrib\u00e1. Pero s\u00ed lo hay teniendo en cuenta todos los matices de esta situaci\u00f3n.<\/p>\n<p>Para la visita del Cartagena, la buena noticia es que Mollejo aparecer\u00e1 en la lista de citados tras recuperarse de su fractura de tobillo en un tiempo casi r\u00e9cord. Estoy convencido que va a entrar en la convocatoria y es una alegr\u00eda. Cuando se lesion\u00f3 pens\u00e1bamos que iba a llegar muy justo a esta temporada y ha hecho una recuperaci\u00f3n estupenda. Su estado no el mejor para participar los 90 minutos, pero s\u00ed tiene muchas opciones de para jugar porque nos da mucho arriba como en banda\u00bb. Sobre el rival, el entrenador opina que \u00abest\u00e1 haciendo una temporada espectacular. Si algo hemos hecho bien es que nadie puede decir que el otro equipo tenga m\u00e1s motivaci\u00f3n que nosotros. Y conf\u00edo en que vuelva a ocurrir eso este s\u00e1bado\u00bb.<\/p>\n","protected":false},"excerpt":{"rendered":"<p>\u00abRespecto a la ausencia de Fran G\u00e1mez tenemos dos opciones muy buenas, tanto la de lateral natural como Larrazabal como la de Vigaray como el tema de adapta a Franc\u00e9s. Estamos seguros de que quien salga lo har\u00e1 muy bien, como lo hizo Larra el otro d\u00eda\u00bb. Esta fue la <a class=\"read-more\" href=\"https:\/\/principesdeparis.es\/principes\/frances-ni-de-banderillero\/\">Sigue leyendo<\/a><\/p>\n","protected":false},"author":2,"featured_media":11249,"comment_status":"open","ping_status":"open","sticky":false,"template":"","format":"standard","meta":{"footnotes":""},"categories":[13,1],"tags":[],"class_list":["post-11246","post","type-post","status-publish","format-standard","has-post-thumbnail","hentry","category-publicidad","category-real-zaragoza"],"_links":{"self":[{"href":"https:\/\/principesdeparis.es\/principes\/wp-json\/wp\/v2\/posts\/11246","targetHints":{"allow":["GET"]}}],"collection":[{"href":"https:\/\/principesdeparis.es\/principes\/wp-json\/wp\/v2\/posts"}],"about":[{"href":"https:\/\/principesdeparis.es\/principes\/wp-json\/wp\/v2\/types\/post"}],"author":[{"embeddable":true,"href":"https:\/\/principesdeparis.es\/principes\/wp-json\/wp\/v2\/users\/2"}],"replies":[{"embeddable":true,"href":"https:\/\/principesdeparis.es\/principes\/wp-json\/wp\/v2\/comments?post=11246"}],"version-history":[{"count":1,"href":"https:\/\/principesdeparis.es\/principes\/wp-json\/wp\/v2\/posts\/11246\/revisions"}],"predecessor-version":[{"id":11248,"href":"https:\/\/principesdeparis.es\/principes\/wp-json\/wp\/v2\/posts\/11246\/revisions\/11248"}],"wp:featuredmedia":[{"embeddable":true,"href":"https:\/\/principesdeparis.es\/principes\/wp-json\/wp\/v2\/media\/11249"}],"wp:attachment":[{"href":"https:\/\/principesdeparis.es\/principes\/wp-json\/wp\/v2\/media?parent=11246"}],"wp:term":[{"taxonomy":"category","embeddable":true,"href":"https:\/\/principesdeparis.es\/principes\/wp-json\/wp\/v2\/categories?post=11246"},{"taxonomy":"post_tag","embeddable":true,"href":"https:\/\/principesdeparis.es\/principes\/wp-json\/wp\/v2\/tags?post=11246"}],"curies":[{"name":"wp","href":"https:\/\/api.w.org\/{rel}","templated":true}]}}