{"id":11259,"date":"2023-05-12T11:54:55","date_gmt":"2023-05-12T11:54:55","guid":{"rendered":"https:\/\/principesdeparis.es\/principes\/?p=11259"},"modified":"2023-05-12T12:06:20","modified_gmt":"2023-05-12T12:06:20","slug":"el-anteproyecto-de-no-nos-toqueis-las-pelotas","status":"publish","type":"post","link":"https:\/\/principesdeparis.es\/principes\/el-anteproyecto-de-no-nos-toqueis-las-pelotas\/","title":{"rendered":"El anteproyecto de &#8216;no nos toqu\u00e9is las pelotas&#8217;"},"content":{"rendered":"<p>La semana ha dado el juego que se quiere dar en este Real Zaragoza de supuesto trasvase hacia tiempo mejores, objeto de la campa\u00f1a pol\u00edtica con La Romareda como tema estrella de las agendas de la mayor\u00eda de los partidos, coincidentes en la necesidad de construir un nuevo campo con el matiz de si privatizarlo al gusto del fondo de inversi\u00f3n que representa Jorge Mas, que hoy ha hecho oficial su anteproyecto de la mano de Idom y del arquitecto C\u00e9zar Azc\u00e1rete por fuerza mayor de la RFEF, o buscarle un mayor beneficio civil. La semana tambi\u00e9n ha tenido su dosis de celebraciones y de nostalgia con el homenaje a la generaci\u00f3n que gan\u00f3 la Copa de 1986 con el gol de Rub\u00e9n Sosa y el obligado viaje a Par\u00eds para ver el de Nayim en la Recopa. Ra\u00fal Sanlleh\u00ed ha aprovechado para pisar el acelerador y frenar a continuaci\u00f3n hablando de un proyecto de ascenso pero advirtiendo que la econom\u00eda condicionar\u00e1 la forma de plantearlo. Juan Carlos Cordero ha contado a LaLiga su proyecto de equipo experimentado al quite para colarse entre los seis primeros. La conclusi\u00f3n es que esta temporada ha llegado a su fin pese a que Fran Escriba intente que la plantilla conserve el esp\u00edritu competitivo y que todo, absolutamente todo, pende de la atm\u00f3sfera de lo imprevisible, de las urnas. El futuro del estadio, el Mundial 2030, el regreso a Primera. Zaragoza es ahora mismo la capital de los sue\u00f1os y de los intereses. De la gente de bien que apuesta por el progreso y de quienes consideran que la prosperidad debe seguir ligada a sus beneficios, a la en\u00e9sima coronaci\u00f3n de su autarqu\u00eda centenaria en esta tierra.<\/p>\n<p>En estos d\u00edas previos a la visita del Cartagena han coincidido la gloria del pasado, al ambig\u00fcedad del presente y un futuro de incertidumbres que ha puesto en marcha la in\u00e9dita renovaci\u00f3n de abonos en el mes de mayo para aquellos que quieran conservar el mismo precio del ejercicio pasado. Sin duda, el momento cumbre de este complejo c\u00f3ctel ha tenido lugar esta ma\u00f1ana con la presentaci\u00f3n del anteproyecto de la nueva Romareda, en la facha l\u00edmite que exig\u00eda la Federaci\u00f3n para que la capital aragonesa se postule como sede del Mundial 2030. Parte de las preguntas que se han formulado de la rueda de prensa posterior a la muestra de lo que ser\u00eda la moderna edificaci\u00f3n, se han centrado en la crispaci\u00f3n pol\u00edtica y en c\u00f3mo podr\u00eda afectar a la multipropiedad si el resultado de las elecciones afectara a sus planes de construcci\u00f3n, entre ellos los que se refieren a la concesi\u00f3n de explotaci\u00f3n de 75 a\u00f1os o una posible judicializaci\u00f3n. Ra\u00fal Sanlleh\u00ed, en representaci\u00f3n del club, ha sido meridianamente claro al respecto: \u00abHemos desarrollado este anteproyecto acorde con estos pliegos y con las exigencias del Mundial. Si algo cambiara, los pliegos y las especificaciones del Mundial, tendr\u00edamos que trabajar para buscar los objetivos que buscamos. Si los hallamos, adelante. Si no, no podremos hacerlo\u00bb. El mensaje s\u00f3lo tiene una lectura: cualquier cambio de las condiciones actuales significar\u00eda el m\u00e1s que seguro abandono del grupo inversor. El director general especific\u00f3 que \u00abel Real Zaragaza es un club apol\u00edtico y en ning\u00fan caso vamos a caer de un lado u otro. Nos preocupa la judicializaci\u00f3n pero s\u00f3lo podemos ocuparnos de los que nos corresponde\u00bb.<\/p>\n<p>El hecho de que este anteproyecto represente la opci\u00f3n mundialista con el concurso a\u00fan abierto no es algo que Sanlleh\u00ed considere \u00abilegal. En cualquier caso ser\u00eda negativo contra nosotros porque otros que pueden presentarse a\u00fan dispondr\u00edan de una informaci\u00f3n privilegiada. Hemos tenido que hacer este sacrificio porque esta fecha era l\u00edmite para aspirar a la candidatura del Mundial\u00bb. \u00abNo s\u00f3lo es un estadio de f\u00fatbol sino un estadio para Zaragoza y Arag\u00f3n. Zaragoza y Arag\u00f3n merecen un referente al que espero no se lo pongan muchas trabas\u00bb, ha especificado el ejecutivo, quien ha comentado que la nueva Romareda de 42.5000 espectados y 140 millones de inversi\u00f3n, que cambiar\u00eda de nombre en la b\u00fasqueda de nuevos ingresos, est\u00e1 pensada \u00abpara el equipo dispute las m\u00e1ximas competiciones. Es fundamental para la competitividad del club y por eso estamos trabajando en financiarlo\u00bb. Varias pelotas est\u00e1n en el alero mientras el fondo de inversi\u00f3n conf\u00edan en que no se las toquen. Ninguna.<\/p>\n<h3 style=\"text-align: center;\"><span style=\"color: #0000ff;\"><strong>As\u00ed ser\u00e1 la nueva Romareda (Texto \u00edntegro del club)<\/strong><\/span><\/h3>\n<p style=\"font-weight: 400;\">El Real Zaragoza present\u00f3 en la ma\u00f1ana de hoy a la RFEF su\u00a0<b><strong>anteproyecto para la construcci\u00f3n del nuevo estadio de La Romareda con el que presentarse al concurso p\u00fablico de la ciudad<\/strong><\/b>.\u00a0<b><strong>\u00c9ste ha sido elaborado por la prestigiosa firma de arquitectura IDOM y dirigido por el arquitecto C\u00e9sar Azc\u00e1rate.\u00a0<\/strong><\/b>El club anuncia dicho anteproyecto en este momento, a pesar de que el concurso municipal se encuentra abierto hasta septiembre, debido a la exigencia de la RFEF, que fij\u00f3 el 12 de mayo como fecha l\u00edmite para la entrega de la documentaci\u00f3n requerida a las sedes aspirantes a la candidatura del Mundial 2030. Por este motivo, el Real Zaragoza hace p\u00fablico hoy este anteproyecto, que podr\u00eda verse modificado en el proyecto final.<\/p>\n<p style=\"font-weight: 400;\">La esencia del nuevo estadio, presentado en este anteproyecto, parte de una de las caracter\u00edsticas m\u00e1s marcadas de Zaragoza y de nuestra regi\u00f3n: el viento.\u00a0<b><strong>Se plantea as\u00ed un estadio ic\u00f3nico de dise\u00f1o arquitect\u00f3nico vanguardista, moldeado por el Cierzo, viento singular de nuestro entorno geogr\u00e1fico aragon\u00e9s.<\/strong><\/b>\u00a0El propio estadio, y sobre todo la cubierta, se forjan por el viento como elementos din\u00e1micos y fluidos que har\u00e1n del nuevo estadio de La Romareda uno de los recintos deportivos m\u00e1s identificables y reconocibles de Europa.<\/p>\n<p style=\"font-weight: 400;\">En la comparecencia de prensa en la que fue presentado el anteproyecto participaron nuestro director general ejecutivo Ra\u00fal Sanlleh\u00ed y el\u00a0director de Sports&amp;Events en IDOM C\u00e9sar Azc\u00e1rate. El arquitecto quiso recalcar la singularidad del edificio y su inspiraci\u00f3n, adem\u00e1s de la integraci\u00f3n con el entorno urban\u00edstico:\u00a0\u201cFij\u00e1ndonos en los flujos del Cierzo, hemos erosionado\u00a0el estadio y la cubierta\u00a0<b><strong>model\u00e1ndolos como elementos fluidos y din\u00e1micos<\/strong><\/b>. La pieza se deforma dibujando formas c\u00f3ncavas en las zonas norte y sur del volumen, dotando de una mayor amplitud al espacio urbano, y formas convexas en las zonas este y oeste, mostr\u00e1ndose a la plaza de Eduardo Ibarra y al Paseo de Isabel la Cat\u00f3lica\u201d. Por su parte, nuestro director general afirm\u00f3: \u201cCon este anteproyecto, descubrimos nuestra propuesta para que los zaragocistas, ciudadanos de Zaragoza y todo Arag\u00f3n se sientan orgulloso de un recinto deportivo ic\u00f3nico y que ser\u00e1 reconocible en todo el mundo\u201d.<\/p>\n<blockquote class=\"twitter-tweet\">\n<p lang=\"es\" dir=\"ltr\">Aqu\u00ed lo ten\u00e9is &#x1f90d;&#x1f499;<\/p>\n<p>&#x1f3df;&#xfe0f; Os presentamos el anteproyecto del nuevo estadio de La Romareda <a href=\"https:\/\/t.co\/2iZrBSI60W\">pic.twitter.com\/2iZrBSI60W<\/a><\/p>\n<p>&mdash; Real Zaragoza &#x1f981; (@RealZaragoza) <a href=\"https:\/\/twitter.com\/RealZaragoza\/status\/1656967211481743360?ref_src=twsrc%5Etfw\">May 12, 2023<\/a><\/p><\/blockquote>\n<p> <script async src=\"https:\/\/platform.twitter.com\/widgets.js\" charset=\"utf-8\"><\/script> <\/p>\n<p style=\"font-weight: 400;\">La cubierta se materializa como un elemento aerodin\u00e1mico, que expresa movimiento al igual que el viento. Adem\u00e1s, es el resultado de cubrir toda la superficie del grader\u00edo y se prolonga hacia el exterior buscando los l\u00edmites del contorno del edificio de manera que crea bajo esta parte un paseo de 360\u00ba desde el que se pueden contemplar unas extraordinarias vistas de la ciudad y del interior del estadio.\u00a0Lo que de d\u00eda ser\u00e1 una fachada serena, de noche se convertir\u00e1 en un elemento vibrante y din\u00e1mico, gracias a la luz que incidir\u00e1 en la doble piel del edificio y en la cubierta, cre\u00e1ndose as\u00ed una atm\u00f3sfera \u00fanica en el interior y proyectando al exterior el ambiente de un gran estadio.<\/p>\n<p style=\"font-weight: 400;\">La construcci\u00f3n se llevar\u00e1 a cabo en diversas fases,\u00a0<b><strong>haciendo posible en todas ellas que el Real Zaragoza dispute sus partidos asegurando la m\u00e1xima capacidad posible de asistencia para animar al equipo y mantener el entusiasta ambiente<\/strong><\/b>\u00a0que generan nuestros aficionados.<\/p>\n<p style=\"font-weight: 400;\">Dentro del estadio, que ver\u00e1 ampliado el aforo de La Romareda actual hasta 42.500 espectadores para cumplir con la normativa FIFA de cara a ser una de las sedes del Mundial 2030, se han proyectado dos\u00a0<b><strong>anillos de gradas principales para p\u00fablico general, donde tambi\u00e9n habr\u00e1 una amplia oferta de \u00e1reas VIP<\/strong><\/b>: desde zonas para p\u00fablico premium en planta primera, zonas de palcos VIP y palco presidencial en planta dos, hasta &#8216;Pitch Club&#8217; con vistas al t\u00fanel de jugadores. Todo el grader\u00edo est\u00e1 ideado de manera compacta y lo m\u00e1s cercano posible al terreno de juego para crear una atm\u00f3sfera envolvente y un ambiente inigualable creado gracias a la afici\u00f3n zaragocista.<\/p>\n<p style=\"font-weight: 400;\">De esta manera el Real Zaragoza presenta un anteproyecto de un nuevo estadio llamado a ser un recinto que ofrezca una experiencia inmejorable para vivir el f\u00fatbol, con los m\u00e1s altos est\u00e1ndares de confort, convirti\u00e9ndose en un referente en sostenibilidad, dotado de la \u00faltima generaci\u00f3n de tecnolog\u00edas adaptadas a la seguridad y las retransmisiones televisivas y que sea se\u00f1a de identidad de Zaragoza.\u00a0<b><strong>En definitiva, un moderno estadio que se convierta en la casa de toda la familia zaragocista, de los ciudadanos de Zaragoza y un emblema de Arag\u00f3n.<\/strong><\/b><\/p>\n<p>&nbsp;<\/p>\n","protected":false},"excerpt":{"rendered":"<p>La semana ha dado el juego que se quiere dar en este Real Zaragoza de supuesto trasvase hacia tiempo mejores, objeto de la campa\u00f1a pol\u00edtica con La Romareda como tema estrella de las agendas de la mayor\u00eda de los partidos, coincidentes en la necesidad de construir un nuevo campo con <a class=\"read-more\" href=\"https:\/\/principesdeparis.es\/principes\/el-anteproyecto-de-no-nos-toqueis-las-pelotas\/\">Sigue leyendo<\/a><\/p>\n","protected":false},"author":2,"featured_media":11260,"comment_status":"open","ping_status":"open","sticky":false,"template":"","format":"standard","meta":{"footnotes":""},"categories":[13,1],"tags":[],"class_list":["post-11259","post","type-post","status-publish","format-standard","has-post-thumbnail","hentry","category-publicidad","category-real-zaragoza"],"_links":{"self":[{"href":"https:\/\/principesdeparis.es\/principes\/wp-json\/wp\/v2\/posts\/11259","targetHints":{"allow":["GET"]}}],"collection":[{"href":"https:\/\/principesdeparis.es\/principes\/wp-json\/wp\/v2\/posts"}],"about":[{"href":"https:\/\/principesdeparis.es\/principes\/wp-json\/wp\/v2\/types\/post"}],"author":[{"embeddable":true,"href":"https:\/\/principesdeparis.es\/principes\/wp-json\/wp\/v2\/users\/2"}],"replies":[{"embeddable":true,"href":"https:\/\/principesdeparis.es\/principes\/wp-json\/wp\/v2\/comments?post=11259"}],"version-history":[{"count":3,"href":"https:\/\/principesdeparis.es\/principes\/wp-json\/wp\/v2\/posts\/11259\/revisions"}],"predecessor-version":[{"id":11264,"href":"https:\/\/principesdeparis.es\/principes\/wp-json\/wp\/v2\/posts\/11259\/revisions\/11264"}],"wp:featuredmedia":[{"embeddable":true,"href":"https:\/\/principesdeparis.es\/principes\/wp-json\/wp\/v2\/media\/11260"}],"wp:attachment":[{"href":"https:\/\/principesdeparis.es\/principes\/wp-json\/wp\/v2\/media?parent=11259"}],"wp:term":[{"taxonomy":"category","embeddable":true,"href":"https:\/\/principesdeparis.es\/principes\/wp-json\/wp\/v2\/categories?post=11259"},{"taxonomy":"post_tag","embeddable":true,"href":"https:\/\/principesdeparis.es\/principes\/wp-json\/wp\/v2\/tags?post=11259"}],"curies":[{"name":"wp","href":"https:\/\/api.w.org\/{rel}","templated":true}]}}