{"id":11265,"date":"2023-05-13T15:30:06","date_gmt":"2023-05-13T15:30:06","guid":{"rendered":"https:\/\/principesdeparis.es\/principes\/?p=11265"},"modified":"2023-05-13T15:57:11","modified_gmt":"2023-05-13T15:57:11","slug":"frances-sale-de-central-con-larra-de-lateral-y-vada-proyectando-a-bermejo-en-ataque","status":"publish","type":"post","link":"https:\/\/principesdeparis.es\/principes\/frances-sale-de-central-con-larra-de-lateral-y-vada-proyectando-a-bermejo-en-ataque\/","title":{"rendered":"Franc\u00e9s sale de central con Larra de lateral y Vada proyectando a Bermejo en ataque"},"content":{"rendered":"<p>Se ped\u00eda a Franc\u00e9s como lateral ante la ausencia por lesi\u00f3n de G\u00e1mez y Escrib\u00e1 contest\u00f3 que en ese puesto su preferencia era Larrazabal. El t\u00e9cnico ha ratificado al vizca\u00edno como defensa de banda, pero ha sorprendido con la inclusi\u00f3n en el once de canterano, quien desplaza a Llu\u00eds L\u00f3pez al banquillo para reunirse con Jair. La causa de la rotaci\u00f3n, en principio, no es f\u00e1cil de descifrar en funci\u00f3n del correcto rendimiento que estaba ofreciendo el catal\u00e1n, pero la cuesti\u00f3n es que el zaragozano regresa a la alineaci\u00f3n seis jornadas despu\u00e9s de que actuara frente al Albacete en la fecha 33 con Llu\u00eds L\u00f3pez de pareja y Jair en el banquillo sin participar en todo el encuentro.<\/p>\n<p>Los cambios que introduce el entrenador valenciano ante el Cartagena son cuatro. Adem\u00e1s de los ya mencionados en la retaguardia, uno por obligaci\u00f3n y otro por decisi\u00f3n t\u00e9cnica, vuelve Cristian a la porter\u00eda tras cumplir su partido de sanci\u00f3n por la doble amarilla que acumul\u00f3 en los minutos finales contra el Las Palmas. La otra novedad m\u00e1s destacada es la apuesta por Vada, otro que, al igual que Franc\u00e9s, no era de la partida precisamente desde el mismo choque con Albacete que finaliz\u00f3 con 1-1 en La Romareda. El argentino, que deja fuera a Puche,\u00a0 toma el testigo en el campo de Bermejo, a quien Escrib\u00e1 adelanta a terreno ofensivo para que enganche con Iv\u00e1n Az\u00f3n, por lo que el Real Zaragoza cambia de sistema al emplearse en esta ocasi\u00f3n con un solo punta natural.<\/p>\n<p>El Real Zaragoza, sin m\u00e1s objetivo que el de llenar los bolsillos lo m\u00e1ximo posible seg\u00fan la clasificaci\u00f3n final que logre, recibe a un Cartagena que apura sus opciones por alcanzar la sexta plaza que defiende con u\u00f1as y dientes el Albacete de Rub\u00e9n Alves. Su trayectoria reciente es notable con cuatro victorias, dos empates y una derrota en M\u00e1laga que le puede salir muy cara. Pero uno de los aspectos que mejor maneja es su comportamiento a domicilio, el cuarto mejor de la categor\u00eda tras Las Palmas, Levante y Albacete, que ha conseguido un punto m\u00e1s como visitante, 20, que el conjunto que entrena Luis Miguel Carri\u00f3n. Necesita s\u00ed o s\u00ed la victoria ante los aragoneses, que la semana pasada pusieron fin en Oviedo a su racha de diez encuentros sin perder.<\/p>\n<p><strong>La alineaci\u00f3n del Cartagena<\/strong><\/p>\n<blockquote class=\"twitter-tweet\">\n<p dir=\"ltr\" lang=\"es\">&#x26bd;&#xfe0f; Ya tenemos el once m\u00e1s seguro elegido por <a href=\"https:\/\/twitter.com\/Luis__Carrion?ref_src=twsrc%5Etfw\">@Luis__Carrion<\/a> para el <a href=\"https:\/\/twitter.com\/hashtag\/RealZaragozaCartagena?src=hash&amp;ref_src=twsrc%5Etfw\">#RealZaragozaCartagena<\/a><\/p>\n<p>&#x1f91d; Patrocinado por <a href=\"https:\/\/twitter.com\/GesaSeguros?ref_src=twsrc%5Etfw\">@GesaSeguros<\/a> <a href=\"https:\/\/t.co\/dZy3y96dJM\">pic.twitter.com\/dZy3y96dJM<\/a><\/p>\n<p>\u2014 FC Cartagena &#x26ab;&#xfe0f;&#x26aa;&#xfe0f; (@FCCartagena_efs) <a href=\"https:\/\/twitter.com\/FCCartagena_efs\/status\/1657407443947618304?ref_src=twsrc%5Etfw\">May 13, 2023<\/a><\/p><\/blockquote>\n<p><script async src=\"https:\/\/platform.twitter.com\/widgets.js\" charset=\"utf-8\"><\/script><\/p>\n","protected":false},"excerpt":{"rendered":"<p>Se ped\u00eda a Franc\u00e9s como lateral ante la ausencia por lesi\u00f3n de G\u00e1mez y Escrib\u00e1 contest\u00f3 que en ese puesto su preferencia era Larrazabal. El t\u00e9cnico ha ratificado al vizca\u00edno como defensa de banda, pero ha sorprendido con la inclusi\u00f3n en el once de canterano, quien desplaza a Llu\u00eds L\u00f3pez <a class=\"read-more\" href=\"https:\/\/principesdeparis.es\/principes\/frances-sale-de-central-con-larra-de-lateral-y-vada-proyectando-a-bermejo-en-ataque\/\">Sigue leyendo<\/a><\/p>\n","protected":false},"author":2,"featured_media":11266,"comment_status":"open","ping_status":"open","sticky":false,"template":"","format":"standard","meta":{"footnotes":""},"categories":[13,1],"tags":[],"class_list":["post-11265","post","type-post","status-publish","format-standard","has-post-thumbnail","hentry","category-publicidad","category-real-zaragoza"],"_links":{"self":[{"href":"https:\/\/principesdeparis.es\/principes\/wp-json\/wp\/v2\/posts\/11265","targetHints":{"allow":["GET"]}}],"collection":[{"href":"https:\/\/principesdeparis.es\/principes\/wp-json\/wp\/v2\/posts"}],"about":[{"href":"https:\/\/principesdeparis.es\/principes\/wp-json\/wp\/v2\/types\/post"}],"author":[{"embeddable":true,"href":"https:\/\/principesdeparis.es\/principes\/wp-json\/wp\/v2\/users\/2"}],"replies":[{"embeddable":true,"href":"https:\/\/principesdeparis.es\/principes\/wp-json\/wp\/v2\/comments?post=11265"}],"version-history":[{"count":7,"href":"https:\/\/principesdeparis.es\/principes\/wp-json\/wp\/v2\/posts\/11265\/revisions"}],"predecessor-version":[{"id":11273,"href":"https:\/\/principesdeparis.es\/principes\/wp-json\/wp\/v2\/posts\/11265\/revisions\/11273"}],"wp:featuredmedia":[{"embeddable":true,"href":"https:\/\/principesdeparis.es\/principes\/wp-json\/wp\/v2\/media\/11266"}],"wp:attachment":[{"href":"https:\/\/principesdeparis.es\/principes\/wp-json\/wp\/v2\/media?parent=11265"}],"wp:term":[{"taxonomy":"category","embeddable":true,"href":"https:\/\/principesdeparis.es\/principes\/wp-json\/wp\/v2\/categories?post=11265"},{"taxonomy":"post_tag","embeddable":true,"href":"https:\/\/principesdeparis.es\/principes\/wp-json\/wp\/v2\/tags?post=11265"}],"curies":[{"name":"wp","href":"https:\/\/api.w.org\/{rel}","templated":true}]}}