{"id":11325,"date":"2023-05-19T09:32:58","date_gmt":"2023-05-19T09:32:58","guid":{"rendered":"https:\/\/principesdeparis.es\/principes\/?p=11325"},"modified":"2023-05-19T09:32:58","modified_gmt":"2023-05-19T09:32:58","slug":"escriba-con-zapater-hemos-pensado-en-clave-de-futuro","status":"publish","type":"post","link":"https:\/\/principesdeparis.es\/principes\/escriba-con-zapater-hemos-pensado-en-clave-de-futuro\/","title":{"rendered":"Escrib\u00e1: \u00abCon Zapater hemos pensado en clave de futuro\u00bb"},"content":{"rendered":"<p><strong>Decisi\u00f3n sobre Zapater:<\/strong> \u00abLa forma m\u00eda de demostrarle el mayor respeto, que es lo que siempre le he tenido, es tratarlo igual que hasta ahora. Que juegue si creo que debe jugar. No necesita que le haga ning\u00fan regalo. Lo l\u00f3gico es que el \u00faltimo d\u00eda ante el Tenerife le hagamos el homenaje que se merece, lo l\u00f3gico es que hoy diga que es titular. En cuanto a otros jugadores de toma de decisiones respecto a la continuidad, por ejemplo Jair y Llu\u00eds L\u00f3pez. Cuando llego, el tema Jair ya est\u00e1 en marcha y doy mi ok porque considero que tiene un rendimiento por delante y me gustar\u00eda que renovara. Con L\u00f3pez el club estaba en negociaciones y hab\u00eda un proceso en marcha. En el caso de Zapa no se habl\u00f3 de nada porque en ese momento el objetivo era alcanzar los 50 puntos. Cunado lo conseguimos, nos sentamos y el primer tema a tratar fue el suyo por ser quien es para dar una soluci\u00f3n lo antes posible. Si no se hizo antes fue porque lo que nos preocupaba, igual que a \u00e9l, era el equipo\u00bb.<\/p>\n<p><strong>Cost\u00f3 tomar esa decisi\u00f3n:<\/strong> \u00abNo fue f\u00e1cil. Valoramos todas las opciones de la idea de equipo tenemos de cara a la pr\u00f3xima temporada, y pens\u00e1bamos que era una posici\u00f3n a reforzar. El mediocampo creemos que, con los tenemos, queremos complementarlo con otro tipo de jugadores. Era importante saber la opini\u00f3n de Alberto, porque no sab\u00eda si quer\u00eda seguir o no. A lo mejor nos dec\u00eda que era su \u00faltimo a\u00f1o&#8230; Luego nos manifest\u00f3 que su idea era seguir jugando. Pero s\u00ed es cierto que consideramos reforzar esa posici\u00f3n\u00bb.<\/p>\n<p><strong>No hubo tensi\u00f3n:<\/strong> \u00abLa decisi\u00f3n es futbol\u00edstica y fue muy dura. Antes de llegar yo cuenta poco y conmigo ha jugado casi todo, pero estamos pensando en clave de futuro. Si lo hubi\u00e9ramos tomado desde el coraz\u00f3n, se le har\u00eda un contrato de 50 a\u00f1os m\u00e1s, pero queremos mejorar y creemos que el tipo de futbolistas que buscamos implica que tengan que salir algunos jugadores. \u00c9l quer\u00eda seguir y se lo ha tomado con entereza, sin la m\u00ednima tensi\u00f3n. La direcci\u00f3n deportiva le hizo ver que la confecci\u00f3n de la plantilla iba por otro lado. El futuro de Zapater volver\u00e1 a estar ligado al Real Zaragoza. Yo desear\u00eda que siga en el club porque se lo lo merece\u00bb.<\/p>\n<p><strong>Un mensaje:<\/strong> \u00abEs una se\u00f1al. No quiero una plantilla tan amplia como la de este a\u00f1o. Habr\u00e1 reestructuraci\u00f3n a nivel de cantidad y de calidad. Es una exigencia de todos si queremos seguir creciendo y hacer un proyecto ilusionante, de ascenso aunque no digo para el pr\u00f3ximo a\u00f1o. Eso implica que debe de haber salidas\u00bb.<\/p>\n<p><strong>Los lesionados y el Ibiza:<\/strong> \u00abLa idea es que G\u00e1mez no viaje Es un riesgo innecesario. Si fuera una final estar\u00eda, pero no vamos a arriesgar. Con Giuliano no forzaremos porque pod\u00edamos agravar su lesi\u00f3n. La temporada para \u00e9l est\u00e1 terminada. En canto al Ibiza, ya vimos su respuesta ante el Levante. Casi todo el mundo pensaba que iba a ser un partido f\u00e1cil para el Levante y con un sistema de tres centrales le complic\u00f3 mucho. No ser\u00e1 sencillo tampoco para nosotros en un encuentro en el que habr\u00e1 cambios pero no muchos. Seremos un equipo perfectamente reconocible\u00bb.<\/p>\n<p>&nbsp;<\/p>\n","protected":false},"excerpt":{"rendered":"<p>Decisi\u00f3n sobre Zapater: \u00abLa forma m\u00eda de demostrarle el mayor respeto, que es lo que siempre le he tenido, es tratarlo igual que hasta ahora. Que juegue si creo que debe jugar. No necesita que le haga ning\u00fan regalo. Lo l\u00f3gico es que el \u00faltimo d\u00eda ante el Tenerife le <a class=\"read-more\" href=\"https:\/\/principesdeparis.es\/principes\/escriba-con-zapater-hemos-pensado-en-clave-de-futuro\/\">Sigue leyendo<\/a><\/p>\n","protected":false},"author":2,"featured_media":11326,"comment_status":"open","ping_status":"open","sticky":false,"template":"","format":"standard","meta":{"footnotes":""},"categories":[13,1],"tags":[],"class_list":["post-11325","post","type-post","status-publish","format-standard","has-post-thumbnail","hentry","category-publicidad","category-real-zaragoza"],"_links":{"self":[{"href":"https:\/\/principesdeparis.es\/principes\/wp-json\/wp\/v2\/posts\/11325","targetHints":{"allow":["GET"]}}],"collection":[{"href":"https:\/\/principesdeparis.es\/principes\/wp-json\/wp\/v2\/posts"}],"about":[{"href":"https:\/\/principesdeparis.es\/principes\/wp-json\/wp\/v2\/types\/post"}],"author":[{"embeddable":true,"href":"https:\/\/principesdeparis.es\/principes\/wp-json\/wp\/v2\/users\/2"}],"replies":[{"embeddable":true,"href":"https:\/\/principesdeparis.es\/principes\/wp-json\/wp\/v2\/comments?post=11325"}],"version-history":[{"count":1,"href":"https:\/\/principesdeparis.es\/principes\/wp-json\/wp\/v2\/posts\/11325\/revisions"}],"predecessor-version":[{"id":11327,"href":"https:\/\/principesdeparis.es\/principes\/wp-json\/wp\/v2\/posts\/11325\/revisions\/11327"}],"wp:featuredmedia":[{"embeddable":true,"href":"https:\/\/principesdeparis.es\/principes\/wp-json\/wp\/v2\/media\/11326"}],"wp:attachment":[{"href":"https:\/\/principesdeparis.es\/principes\/wp-json\/wp\/v2\/media?parent=11325"}],"wp:term":[{"taxonomy":"category","embeddable":true,"href":"https:\/\/principesdeparis.es\/principes\/wp-json\/wp\/v2\/categories?post=11325"},{"taxonomy":"post_tag","embeddable":true,"href":"https:\/\/principesdeparis.es\/principes\/wp-json\/wp\/v2\/tags?post=11325"}],"curies":[{"name":"wp","href":"https:\/\/api.w.org\/{rel}","templated":true}]}}