{"id":11328,"date":"2023-05-20T13:11:54","date_gmt":"2023-05-20T13:11:54","guid":{"rendered":"https:\/\/principesdeparis.es\/principes\/?p=11328"},"modified":"2023-05-20T13:34:27","modified_gmt":"2023-05-20T13:34:27","slug":"mollejo-manu-molina-fuentes-y-lluis-lopez-agraciados-con-la-pedrea","status":"publish","type":"post","link":"https:\/\/principesdeparis.es\/principes\/mollejo-manu-molina-fuentes-y-lluis-lopez-agraciados-con-la-pedrea\/","title":{"rendered":"Mollejo, Manu Molina, Fuentes y Llu\u00eds L\u00f3pez, agraciados con la pedrea"},"content":{"rendered":"<p>Este final de temporada con la bolsa econ\u00f3mica de la clasificaci\u00f3n final como principal aliciente ha hecho que Fran Escrib\u00e1 mueva el once para premiar, bajo diferentes criterios, a futbolistas como Mollejo, recuperado de su fractura de tobillo, Manu Molina, desaparecido de la titularidad desde el pasado mes de diciembre en el encuentro ante el Albacete, y Fuentes,\u00a0 casi cuatro meses fuera del equipo inicial. Tambi\u00e9n entra Llu\u00eds L\u00f3pez por la baja de \u00faltima hora de Jair, por lo que el t\u00e9cnico introduce cuatro cambios en el partido frente al Ibiza, rival ya descendido y que se despide estar tarde de su p\u00fablico. El t\u00e9cnico recupera con Mollejo, quien ya disput\u00f3 minutos en la victoria sobre el Cartagena, su dibujo preferido, sostenido en dos atacantes, y sienta a Vada y a piezas principales en sus planes como Francho y Nieto. Alberto Zapater, protagonista de la semana al anunciar el jugador y el club que la etapa del aragon\u00e9s ha llegado a su fin, tendr\u00e1 que esperar a la \u00faltima jornada frente al Tenerife en La Romareda para vestir la camiseta desde el principio por \u00faltima vez. El conjunto que entrena Lucas Alcaraz figura como el peor local y el mas goleado en su estadio, donde durante toda la temporada tan s\u00f3lo ha ganado cuatro partidos.\u00a0 Una racha de cinco derrotas y dos empates en las \u00faltimas siete jornadas dejan claro cu\u00e1l es su situaci\u00f3n y su estado de \u00e1nimo, antag\u00f3nicos a los de un Real Zaragoza que, sin fiarse ni bajar los brazos lo m\u00e1s m\u00ednimo, deber\u00eda mejorar sus n\u00fameros como visitante con tres nuevos puntos.<\/p>\n<p>La alineaci\u00f3n del Ibiza<\/p>\n<blockquote class=\"twitter-tweet\">\n<p dir=\"ltr\" lang=\"es\">&#x2705; \u00a1Este es nuestro inicial <a href=\"https:\/\/twitter.com\/RealZaragoza?ref_src=twsrc%5Etfw\">@RealZaragoza<\/a> y el \u00faltimo en casa!<\/p>\n<p>&#x2694;&#xfe0f; \u00a1 ! &#x2694;&#xfe0f;<a href=\"https:\/\/twitter.com\/hashtag\/VamosIbiza?src=hash&amp;ref_src=twsrc%5Etfw\">#VamosIbiza<\/a> <a href=\"https:\/\/twitter.com\/hashtag\/IbizaRealZaragoza?src=hash&amp;ref_src=twsrc%5Etfw\">#IbizaRealZaragoza<\/a> <a href=\"https:\/\/t.co\/yo9vwxWnkN\">pic.twitter.com\/yo9vwxWnkN<\/a><\/p>\n<p>\u2014 UD Ibiza (@ibizaud) <a href=\"https:\/\/twitter.com\/ibizaud\/status\/1659910607217278977?ref_src=twsrc%5Etfw\">May 20, 2023<\/a><\/p><\/blockquote>\n<p><script async src=\"https:\/\/platform.twitter.com\/widgets.js\" charset=\"utf-8\"><\/script><\/p>\n","protected":false},"excerpt":{"rendered":"<p>Este final de temporada con la bolsa econ\u00f3mica de la clasificaci\u00f3n final como principal aliciente ha hecho que Fran Escrib\u00e1 mueva el once para premiar, bajo diferentes criterios, a futbolistas como Mollejo, recuperado de su fractura de tobillo, Manu Molina, desaparecido de la titularidad desde el pasado mes de diciembre <a class=\"read-more\" href=\"https:\/\/principesdeparis.es\/principes\/mollejo-manu-molina-fuentes-y-lluis-lopez-agraciados-con-la-pedrea\/\">Sigue leyendo<\/a><\/p>\n","protected":false},"author":2,"featured_media":11329,"comment_status":"open","ping_status":"open","sticky":false,"template":"","format":"standard","meta":{"footnotes":""},"categories":[13,1],"tags":[],"class_list":["post-11328","post","type-post","status-publish","format-standard","has-post-thumbnail","hentry","category-publicidad","category-real-zaragoza"],"_links":{"self":[{"href":"https:\/\/principesdeparis.es\/principes\/wp-json\/wp\/v2\/posts\/11328","targetHints":{"allow":["GET"]}}],"collection":[{"href":"https:\/\/principesdeparis.es\/principes\/wp-json\/wp\/v2\/posts"}],"about":[{"href":"https:\/\/principesdeparis.es\/principes\/wp-json\/wp\/v2\/types\/post"}],"author":[{"embeddable":true,"href":"https:\/\/principesdeparis.es\/principes\/wp-json\/wp\/v2\/users\/2"}],"replies":[{"embeddable":true,"href":"https:\/\/principesdeparis.es\/principes\/wp-json\/wp\/v2\/comments?post=11328"}],"version-history":[{"count":7,"href":"https:\/\/principesdeparis.es\/principes\/wp-json\/wp\/v2\/posts\/11328\/revisions"}],"predecessor-version":[{"id":11336,"href":"https:\/\/principesdeparis.es\/principes\/wp-json\/wp\/v2\/posts\/11328\/revisions\/11336"}],"wp:featuredmedia":[{"embeddable":true,"href":"https:\/\/principesdeparis.es\/principes\/wp-json\/wp\/v2\/media\/11329"}],"wp:attachment":[{"href":"https:\/\/principesdeparis.es\/principes\/wp-json\/wp\/v2\/media?parent=11328"}],"wp:term":[{"taxonomy":"category","embeddable":true,"href":"https:\/\/principesdeparis.es\/principes\/wp-json\/wp\/v2\/categories?post=11328"},{"taxonomy":"post_tag","embeddable":true,"href":"https:\/\/principesdeparis.es\/principes\/wp-json\/wp\/v2\/tags?post=11328"}],"curies":[{"name":"wp","href":"https:\/\/api.w.org\/{rel}","templated":true}]}}