{"id":11451,"date":"2023-05-30T23:22:48","date_gmt":"2023-05-30T23:22:48","guid":{"rendered":"https:\/\/principesdeparis.es\/principes\/?p=11451"},"modified":"2023-05-30T23:22:48","modified_gmt":"2023-05-30T23:22:48","slug":"donde-colocar-ahora-el-pesado-paquete-de-gueye","status":"publish","type":"post","link":"https:\/\/principesdeparis.es\/principes\/donde-colocar-ahora-el-pesado-paquete-de-gueye\/","title":{"rendered":"\u00bfD\u00f3nde colocar ahora el pesado paquete de Gueye?"},"content":{"rendered":"<p>En la operaci\u00f3n salida que acomete Juan Carlos Cordero para configurar la plantilla de la pr\u00f3xima temporada no se escucha un s\u00f3lo susurro sobre que Makhtar Gueye vaya a regresar al KV Oostende al finalizar su cesi\u00f3n por un a\u00f1o porque el senegal\u00e9s, como ya adelant\u00f3 Pr\u00edncipes de Par\u00eds en exclusiva el pasado 15 de enero,\u00a0 continuar\u00e1 en n\u00f3mina de la multipropiedad que administra el Real Zaragoza. En el pr\u00e9stamo del senegal\u00e9s se incluy\u00f3 una cl\u00e1usula de compra obligatoria de tres millones de euros en caso de ascenso del equipo aragon\u00e9s, pero en el paquete de condiciones se estableci\u00f3 la adquisici\u00f3n del delantero africano como principal requisito al margen de cu\u00e1l fuera el lugar de la clasificaci\u00f3n que se lograra una vez finalizada la temporada, en este caso por una cantidad pr\u00f3xima a los dos millones. En el mercado de invierno se sonde\u00f3 la posibilidad de deshacerse de la vinculaci\u00f3n con el atacante una vez comprobado su baj\u00edsimo nivel profesional, pero la direcci\u00f3n deportiva se encontr\u00f3 con el obst\u00e1culo insalvable del compromiso firmado por el grupo inversor,\u00a0 quien aval\u00f3 el acuerdo con el benepl\u00e1cito de Ra\u00fal Sanlleh\u00ed y por encima de la figura de Miguel Torrecilla en una negociaci\u00f3n directa con el KV Oostende.<\/p>\n<p>Cordero tiene muy claro que Gueye,\u00a0 quien cobra el salario m\u00e1s alto (pr\u00f3ximo a los 600.000 euros), no tiene cabida en su proyecto, por lo que se abre como posible soluci\u00f3n el abanico de la sinergias para internar colocar al gigante de Dakar lejos de La Romareda salvo que surja la improbable opci\u00f3n de un traspaso que amortig\u00fce el terrible negocio que se ha realizado con este futbolista, cuya compra podr\u00eda suponer un duro golpe para el limite salarial de cara al pr\u00f3ximo ejercicio. En el caso de que no se hallen soluciones para deshacerse del jugador, el fondo de inversi\u00f3n deber\u00e1 sobrellevar esa carga y buscarle un destino vinculado a su gesti\u00f3n o a la del Atl\u00e9tico de Madrid, cuyo hermanamiento con el Real Zaragoza est\u00e1n claramente subrayadao en el consejo de administraci\u00f3n con la presencia de Emilio Cruz y Mariano Aguilar y, en el plano deportivo, con la cesi\u00f3n de Sabin Merino al Atl\u00e9tico San Luis. La papeleta que se le presenta a la corporaci\u00f3n que preside Jorge Mas en el club aragon\u00e9s es considerable para evitar primero que Gueye permanezca en el Real Zaragoza, y en segundo, para buscarle ocupaci\u00f3n en otro de los equipos <em>amigos.<\/em><\/p>\n<p>Gueye, de 24 a\u00f1os, quien ha participado en 22 partidos pero tan s\u00f3lo seis de titular, cinco de Liga y uno de Copa frente al Diocesano, no ha marcado un solo gol en toda la campa\u00f1a, adem\u00e1s de suponer una jaqueca tanto para Juan Carlos Carcedo como para Fran Escrib\u00e1. El t\u00e9cnico valenciano, aun consciente de su \u00ednfima calidad, intent\u00f3 integrarlo e incluso protegerlo despu\u00e9s del choque ante el Burgos en casa, cuando se\u00f1al\u00f3 que el runr\u00fan del estadio al ver calentar al jugador hizo que decidiera no sacarlo. Sin embargo, el futbolista se abon\u00f3 por s\u00ed s\u00f3lo la bochorno general cuando se le concedieron oportunidades, ratificando que no da el m\u00ednimo exigible para esta categor\u00eda. \u00abHa sido un trabajo de muchas semanas. ha habido elementos fundamentales, su predisposici\u00f3n y el que le gustara el proyecto&#8230; El proceso para traer a un jugador como Pape ha pasado por varias vicisitudes y ha sido importante el grupo inversor. Las dos ampliaciones de capital (14,6 y 6,4 millones) que se han hecho de cara al l\u00edmite salarial y liquidar la deuda con Hacienda nos pusieron en una situaci\u00f3n muy diferente y a partir de ah\u00ed se buscaron las maneras para aumentar ese l\u00edmite.\u00a0Todo eso nos ha dado esta oportunidad de traer a Pape<strong>\u00ab,\u00a0<\/strong>dijo Sanlleh\u00ed en la presentaci\u00f3n del delantero. Ahora, nueve meses despu\u00e9s, hay que saber c\u00f3mo se le pone el cascabel a Gueye.<\/p>\n","protected":false},"excerpt":{"rendered":"<p>En la operaci\u00f3n salida que acomete Juan Carlos Cordero para configurar la plantilla de la pr\u00f3xima temporada no se escucha un s\u00f3lo susurro sobre que Makhtar Gueye vaya a regresar al KV Oostende al finalizar su cesi\u00f3n por un a\u00f1o porque el senegal\u00e9s, como ya adelant\u00f3 Pr\u00edncipes de Par\u00eds en <a class=\"read-more\" href=\"https:\/\/principesdeparis.es\/principes\/donde-colocar-ahora-el-pesado-paquete-de-gueye\/\">Sigue leyendo<\/a><\/p>\n","protected":false},"author":2,"featured_media":11453,"comment_status":"open","ping_status":"open","sticky":false,"template":"","format":"standard","meta":{"footnotes":""},"categories":[13,1],"tags":[],"class_list":["post-11451","post","type-post","status-publish","format-standard","has-post-thumbnail","hentry","category-publicidad","category-real-zaragoza"],"_links":{"self":[{"href":"https:\/\/principesdeparis.es\/principes\/wp-json\/wp\/v2\/posts\/11451","targetHints":{"allow":["GET"]}}],"collection":[{"href":"https:\/\/principesdeparis.es\/principes\/wp-json\/wp\/v2\/posts"}],"about":[{"href":"https:\/\/principesdeparis.es\/principes\/wp-json\/wp\/v2\/types\/post"}],"author":[{"embeddable":true,"href":"https:\/\/principesdeparis.es\/principes\/wp-json\/wp\/v2\/users\/2"}],"replies":[{"embeddable":true,"href":"https:\/\/principesdeparis.es\/principes\/wp-json\/wp\/v2\/comments?post=11451"}],"version-history":[{"count":3,"href":"https:\/\/principesdeparis.es\/principes\/wp-json\/wp\/v2\/posts\/11451\/revisions"}],"predecessor-version":[{"id":11455,"href":"https:\/\/principesdeparis.es\/principes\/wp-json\/wp\/v2\/posts\/11451\/revisions\/11455"}],"wp:featuredmedia":[{"embeddable":true,"href":"https:\/\/principesdeparis.es\/principes\/wp-json\/wp\/v2\/media\/11453"}],"wp:attachment":[{"href":"https:\/\/principesdeparis.es\/principes\/wp-json\/wp\/v2\/media?parent=11451"}],"wp:term":[{"taxonomy":"category","embeddable":true,"href":"https:\/\/principesdeparis.es\/principes\/wp-json\/wp\/v2\/categories?post=11451"},{"taxonomy":"post_tag","embeddable":true,"href":"https:\/\/principesdeparis.es\/principes\/wp-json\/wp\/v2\/tags?post=11451"}],"curies":[{"name":"wp","href":"https:\/\/api.w.org\/{rel}","templated":true}]}}